{"id":22698,"date":"2024-05-17T04:15:59","date_gmt":"2024-05-17T04:15:59","guid":{"rendered":"https:\/\/bulevip.com\/blog\/trans-gran-canaria-4-5-6-de-marzo-2\/"},"modified":"2024-05-17T04:15:59","modified_gmt":"2024-05-17T04:15:59","slug":"trans-gran-canaria-4-5-6-de-marzo","status":"publish","type":"post","link":"https:\/\/www.bulevip.com\/blog\/trans-gran-canaria-4-5-6-de-marzo\/","title":{"rendered":"Trans Gran Canaria 4, 5, 6 de marzo."},"content":{"rendered":"<p>Ya est\u00e1n todas las plazas agotadas para las diferentes modalidades: 125km, 83km, 44km, 31km, 19km y 19km familiar. Las pruebas se disputar\u00e1n los d\u00edas 4,5 y 6 de marzo.<\/p>\n<p>Este evento est\u00e1 considerado uno de los m\u00e1s importantes de Espa\u00f1a, en un entorno ideal donde se recorre la isla de sur a norte en la modalidad de 125km.<\/p>\n<p style=\"text-align: justify;\">Esta prueba en concreto, la de 125km es la prueba reina, la m\u00e1s ansiada, la que todos sue\u00f1an con poder terminar. Atraviesa la isla de Gran Canaria de costa a costa, pasando por puntos emblem\u00e1ticos como el Roque Nublo o el Pico de las Nieves. Esta modalidad est\u00e1 destinada a personas con mucha experiencia en pruebas de ultrafondo, amantes de la naturaleza y de la aventura. Esta prueba es quiz\u00e1 la manera m\u00e1s id\u00f3nea de conocer muy bien los rincones m\u00e1s destacados de Gran Canaria a pie y en menos de 30 horas.<\/p>\n<p style=\"text-align: justify;\">La salida tendr\u00e1 lugar el d\u00eda 4 de marzo a las 23:00 horas y a lo largo de su recorrido tendr\u00e1s que superar 8000m de desnivel positivo.<\/p>\n<figure id=\"attachment_4361\" aria-describedby=\"caption-attachment-4361\" style=\"width: 1024px\" class=\"wp-caption aligncenter\"><img loading=\"lazy\" decoding=\"async\" class=\"wp-image-4361 size-full\" src=\"https:\/\/bulevip.com\/blog\/wp-content\/uploads\/2016\/02\/tgc.png\" alt=\"tgc\" width=\"1024\" height=\"441\" \/><figcaption id=\"caption-attachment-4361\" class=\"wp-caption-text\">Perfil Trans Gran Canaria<\/figcaption><\/figure>\n<p><strong>\u00bfQu\u00e9 material es necesario llevar?<\/strong><\/p>\n<ul>\n<li>Vaso de pl\u00e1stico<\/li>\n<li>Manta de emergencia<\/li>\n<li>Luz delantera, linterna o frontal con bater\u00eda de repuesto<\/li>\n<li>Luz trasera de color rojo colocada en la parte posterior del corredor y encendida en todo momento<\/li>\n<li>Tel\u00e9fono m\u00f3vil operativo y con bater\u00eda suficiente<\/li>\n<li>Dispositivo de agua \u00fatil de 1,5 litros de capacidad<\/li>\n<li>Alimento suficiente para afrontar la prueba<\/li>\n<li>Dorsal de competici\u00f3n colocado en la parte frontal del corredor y en lugar visible<\/li>\n<li>Chaqueta impermeable con membrana transpirable<\/li>\n<li>Gorra, pa\u00f1uelo o similar.<\/li>\n<\/ul>\n<p style=\"text-align: justify;\">Cabe destacar que la Transgrancanaria de 125km es la \u00fanica representante espa\u00f1ola de las once carreras que forman parte del circuito internacional de carreras de monta\u00f1a Ultra-Trail World Tour, otorgando 6 puntos de cualificaci\u00f3n para el Ultra Trail du Mont Blanc.<\/p>\n","protected":false},"excerpt":{"rendered":"<p>Ya est\u00e1n todas las plazas agotadas para las diferentes modalidades: 125km, 83km, 44km, 31km, 19km y 19km familiar. Las pruebas se disputar\u00e1n los d\u00edas 4,5 y 6 de marzo. Este evento est\u00e1 considerado uno de los m\u00e1s importantes de Espa\u00f1a, en un entorno ideal donde se recorre la isla de sur a norte en la [&hellip;]<\/p>\n","protected":false},"author":3,"featured_media":21343,"comment_status":"closed","ping_status":"closed","sticky":false,"template":"","format":"standard","meta":{"footnotes":""},"categories":[2794],"tags":[],"class_list":["post-22698","post","type-post","status-publish","format-standard","has-post-thumbnail","hentry","category-endurance"],"_links":{"self":[{"href":"https:\/\/www.bulevip.com\/blog\/wp-json\/wp\/v2\/posts\/22698"}],"collection":[{"href":"https:\/\/www.bulevip.com\/blog\/wp-json\/wp\/v2\/posts"}],"about":[{"href":"https:\/\/www.bulevip.com\/blog\/wp-json\/wp\/v2\/types\/post"}],"author":[{"embeddable":true,"href":"https:\/\/www.bulevip.com\/blog\/wp-json\/wp\/v2\/users\/3"}],"replies":[{"embeddable":true,"href":"https:\/\/www.bulevip.com\/blog\/wp-json\/wp\/v2\/comments?post=22698"}],"version-history":[{"count":0,"href":"https:\/\/www.bulevip.com\/blog\/wp-json\/wp\/v2\/posts\/22698\/revisions"}],"wp:featuredmedia":[{"embeddable":true,"href":"https:\/\/www.bulevip.com\/blog\/wp-json\/wp\/v2\/media\/21343"}],"wp:attachment":[{"href":"https:\/\/www.bulevip.com\/blog\/wp-json\/wp\/v2\/media?parent=22698"}],"wp:term":[{"taxonomy":"category","embeddable":true,"href":"https:\/\/www.bulevip.com\/blog\/wp-json\/wp\/v2\/categories?post=22698"},{"taxonomy":"post_tag","embeddable":true,"href":"https:\/\/www.bulevip.com\/blog\/wp-json\/wp\/v2\/tags?post=22698"}],"curies":[{"name":"wp","href":"https:\/\/api.w.org\/{rel}","templated":true}]}}