{"id":22679,"date":"2024-05-13T17:04:12","date_gmt":"2024-05-13T17:04:12","guid":{"rendered":"https:\/\/bulevip.com\/blog\/la-uci-encuentra-una-bici-con-motor-oculto-en-los-mundiales-de-ciclocross-2\/"},"modified":"2024-05-13T17:04:12","modified_gmt":"2024-05-13T17:04:12","slug":"la-uci-encuentra-una-bici-con-motor-oculto-en-los-mundiales-de-ciclocross","status":"publish","type":"post","link":"https:\/\/www.bulevip.com\/blog\/la-uci-encuentra-una-bici-con-motor-oculto-en-los-mundiales-de-ciclocross\/","title":{"rendered":"La UCI encuentra una bici con motor oculto en los Mundiales de Ciclocross."},"content":{"rendered":"<p style=\"text-align: justify;\">Hace unos d\u00edas se desat\u00f3 la alarma al encontrar un motor en la bicicleta de la belga, Femke Van den Driessche, actual campeona de Europa sub23 de ciclocross y una de las favoritas a ganar el susodicho mundial que se celebraba en Zolder.<\/p>\n<p style=\"text-align: justify;\">La primera jornada de estos Campeonatos del Mundo quedar\u00e1n en el recuerdo tanto para la ciclista como para los aficionados al deporte, ya que ha sido la primera ocasi\u00f3n en la que se ha detectado un caso de <strong>doping tecnol\u00f3gico<\/strong> en competici\u00f3n.<\/p>\n<p style=\"text-align: justify;\"><a href=\"https:\/\/bulevip.com\/blog\/wp-content\/uploads\/2016\/02\/zolder.jpg\" rel=\"nofollow noopener\" target=\"_blank\"><img loading=\"lazy\" decoding=\"async\" class=\"aligncenter  wp-image-4231\" src=\"https:\/\/bulevip.com\/blog\/wp-content\/uploads\/2016\/02\/zolder.jpg\" alt=\"zolder\" width=\"479\" height=\"269\" \/><\/a>La bici que fue detectada por los comisarios de la UCI en el box de la ciclista dispon\u00eda de un motor en la caja del pedalier. El padre de Femke sali\u00f3 en su defensa, alegando que \u00abla bici era de una persona de su entorno, pero que su hija no la ha utilizado ni ten\u00eda la m\u00e1s m\u00ednima intenci\u00f3n\u00bb<\/p>\n<p style=\"text-align: justify;\">Si la UCI demuestra que esa bici pertenec\u00eda a la ciclista belga, \u00e9sta se enfrenta a una grave sanci\u00f3n que conllevar\u00e1 una multa que ir\u00e1 desde los 20.000 a los 200.000 francos suizos.<\/p>\n<p style=\"text-align: justify;\">Este esc\u00e1ndalo supone una nueva \u00abmancha\u00bb en este deporte que lucha desde hace algunos a\u00f1os por lavar su imagen, tras casos tan marcados como el de Lance Armstrong. Ahora es el turno al dopaje tecnol\u00f3gico del cual se viene hablando desde hace alg\u00fan tiempo, pero que hasta ahora no se ha podido demostrar ning\u00fan caso.<\/p>\n<p style=\"text-align: justify;\">\n","protected":false},"excerpt":{"rendered":"<p>Hace unos d\u00edas se desat\u00f3 la alarma al encontrar un motor en la bicicleta de la belga, Femke Van den Driessche, actual campeona de Europa sub23 de ciclocross y una de las favoritas a ganar el susodicho mundial que se celebraba en Zolder. La primera jornada de estos Campeonatos del Mundo quedar\u00e1n en el recuerdo [&hellip;]<\/p>\n","protected":false},"author":3,"featured_media":17300,"comment_status":"closed","ping_status":"closed","sticky":false,"template":"","format":"standard","meta":{"footnotes":""},"categories":[2794],"tags":[],"class_list":["post-22679","post","type-post","status-publish","format-standard","has-post-thumbnail","hentry","category-endurance"],"_links":{"self":[{"href":"https:\/\/www.bulevip.com\/blog\/wp-json\/wp\/v2\/posts\/22679"}],"collection":[{"href":"https:\/\/www.bulevip.com\/blog\/wp-json\/wp\/v2\/posts"}],"about":[{"href":"https:\/\/www.bulevip.com\/blog\/wp-json\/wp\/v2\/types\/post"}],"author":[{"embeddable":true,"href":"https:\/\/www.bulevip.com\/blog\/wp-json\/wp\/v2\/users\/3"}],"replies":[{"embeddable":true,"href":"https:\/\/www.bulevip.com\/blog\/wp-json\/wp\/v2\/comments?post=22679"}],"version-history":[{"count":0,"href":"https:\/\/www.bulevip.com\/blog\/wp-json\/wp\/v2\/posts\/22679\/revisions"}],"wp:featuredmedia":[{"embeddable":true,"href":"https:\/\/www.bulevip.com\/blog\/wp-json\/wp\/v2\/media\/17300"}],"wp:attachment":[{"href":"https:\/\/www.bulevip.com\/blog\/wp-json\/wp\/v2\/media?parent=22679"}],"wp:term":[{"taxonomy":"category","embeddable":true,"href":"https:\/\/www.bulevip.com\/blog\/wp-json\/wp\/v2\/categories?post=22679"},{"taxonomy":"post_tag","embeddable":true,"href":"https:\/\/www.bulevip.com\/blog\/wp-json\/wp\/v2\/tags?post=22679"}],"curies":[{"name":"wp","href":"https:\/\/api.w.org\/{rel}","templated":true}]}}