{"id":22661,"date":"2024-05-09T23:15:38","date_gmt":"2024-05-09T23:15:38","guid":{"rendered":"https:\/\/bulevip.com\/blog\/la-actuacion-de-los-pilotos-espanoles-en-el-dakar-2016-2\/"},"modified":"2024-05-09T23:15:38","modified_gmt":"2024-05-09T23:15:38","slug":"la-actuacion-de-los-pilotos-espanoles-en-el-dakar016","status":"publish","type":"post","link":"https:\/\/www.bulevip.com\/blog\/la-actuacion-de-los-pilotos-espanoles-en-el-dakar016\/","title":{"rendered":"La actuaci\u00f3n de los pilotos espa\u00f1oles en el Dakar 2016."},"content":{"rendered":"<p>El <strong>Dakar 2016<\/strong> ya ha concluido, para los pilotos espa\u00f1oles ha habido luces y sombras, para la gran mayor\u00eda de pilotos cruzar la l\u00ednea de meta de Rosario ya es un \u00e9xito, pero los que salen a por todas, las sensaciones son dispares.<\/p>\n<p style=\"text-align: justify;\">A continuaci\u00f3n mostramos las reflexiones y el balance que hacen cada uno de los pilotos espa\u00f1oles en diferentes categor\u00edas.<\/p>\n<p style=\"text-align: justify;\">&#8211; <strong>Nani Roma<\/strong>: tras quedarse atrapado en el barro en la segunda etapa con su MINI, donde perdi\u00f3 toda opci\u00f3n a un buen resultado, el ganador del 2014 protagoniz\u00f3 una segunda semana de carrera muy notable, remontando hasta la 6\u00aa posici\u00f3n final.<\/p>\n<p><a href=\"https:\/\/bulevip.com\/blog\/wp-content\/uploads\/2016\/01\/nani-roma.jpg\" rel=\"nofollow noopener\" target=\"_blank\"><img loading=\"lazy\" decoding=\"async\" class=\"aligncenter  wp-image-4135\" src=\"https:\/\/bulevip.com\/blog\/wp-content\/uploads\/2016\/01\/nani-roma.jpg\" alt=\"nani roma\" width=\"481\" height=\"305\" \/><\/a><\/p>\n<p style=\"text-align: justify;\">&#8211; <strong>Joan Barreda<\/strong>: a lo largo de 2015 afront\u00f3 varios percances de gran importancia, pero a pesar de ello lleg\u00f3 al Dakar como claro favorito a heredar la corona de Marc Coma. Los primeros d\u00edas sufri\u00f3 peque\u00f1os contratiempos que le retrasaron ligeramente de las posiciones de cabeza y una aver\u00eda de motor en Bolivia le volvi\u00f3 a dejar fuera de carrera.<\/p>\n<p style=\"text-align: justify;\">&#8211; <strong>Laia Sanz:<\/strong> \u00abLa dama de hierro\u00bb no pudo mejorar la 9\u00aa posici\u00f3n que obtuvo el a\u00f1o pasado, pero la 15\u00aa plaza conseguida este a\u00f1o certifica que es toda una garant\u00eda. Le ha perjudicado el recorte que se hizo en varias etapas y ha acabado tocada con la clav\u00edcula a causa de una ca\u00edda y enferma por los cambios climatol\u00f3gicos.<\/p>\n<p><a href=\"https:\/\/bulevip.com\/blog\/wp-content\/uploads\/2016\/01\/laia-sanz-dakar-2016.jpg\" rel=\"nofollow noopener\" target=\"_blank\"><img loading=\"lazy\" decoding=\"async\" class=\"aligncenter  wp-image-4134\" src=\"https:\/\/bulevip.com\/blog\/wp-content\/uploads\/2016\/01\/laia-sanz-dakar-2016.jpg\" alt=\"laia-sanz-dakar-2016\" width=\"430\" height=\"231\" \/><\/a><\/p>\n<p style=\"text-align: justify;\">&#8211; <strong>Pep Vila<\/strong>: este experimentado piloto ejerc\u00eda nuevamente de asistencia r\u00e1pida del equipo Iveco y ha conseguido terminar otra vez entre los 10 primeros. En sus doce participaciones en el Dakar siempre ha terminado entre los 15 mejores, exceptuando el a\u00f1o 2006 en el que se vio obligado a abandonar.<\/p>\n<p style=\"text-align: justify;\">&#8211; <strong>Carlos Sainz:<\/strong> consigui\u00f3 remontar hasta el puesto de cabeza en la novena especial, pero en la d\u00e9cima tuvo que abandonar por una aver\u00eda. Con \u00e9ste, es su cuarto abandono consecutivo.<\/p>\n<p style=\"text-align: justify;\">&#8211; <strong>Rosa Romero:<\/strong> la mujer de Nani ha completado el Dakar por segundo a\u00f1o consecutivo, esta madre de familia avanza cada vez con mayor seguridad dentro del equipo Himoinsa. Este equipo ha visto como sus cinco pilotos acababan la carrera, con Gerard Ferr\u00e9s entre los diez primeros y siendo el primer espa\u00f1ol clasificado.<\/p>\n<p style=\"text-align: justify;\"><a href=\"https:\/\/bulevip.com\/blog\/wp-content\/uploads\/2016\/01\/rosa.jpg\" rel=\"nofollow noopener\" target=\"_blank\"><img loading=\"lazy\" decoding=\"async\" class=\"aligncenter  wp-image-4136\" src=\"https:\/\/bulevip.com\/blog\/wp-content\/uploads\/2016\/01\/rosa.jpg\" alt=\"rosa\" width=\"483\" height=\"320\" \/><\/a><\/p>\n<p style=\"text-align: justify;\">&#8211; <strong>Moi Torrellardona<\/strong>: Copiloto del cami\u00f3n de Gerard de Rooy, este aventurero se ha convertido en el primer espa\u00f1ol en ganar la carrera de camiones. \u00cdntimo amigo de Pep Vila, con quien comparti\u00f3 cabina en sus inicios en el Dakar. Su llegada al equipo de De Rooy ha sido reciente y por casualidad. En los test de desarrollo del nuevo cami\u00f3n, realizados en Marruecos, el holand\u00e9s tuvo un accidente y su habitual copiloto, Jurgen Damen, falleci\u00f3 en la tragedia.<\/p>\n<p style=\"text-align: justify;\">&#8211; <strong>Armand Monle\u00f3n:<\/strong> llegado del equipo junior de Marc Coma, es un clon de \u00abel jefe\u00bb, de quien ha heredado la estrategia y gesti\u00f3n de las etapas. Ha hecho una carrera de menos a m\u00e1s para acabar entre los diez primeros en su primer Dakar.<\/p>\n","protected":false},"excerpt":{"rendered":"<p>El Dakar 2016 ya ha concluido, para los pilotos espa\u00f1oles ha habido luces y sombras, para la gran mayor\u00eda de pilotos cruzar la l\u00ednea de meta de Rosario ya es un \u00e9xito, pero los que salen a por todas, las sensaciones son dispares. A continuaci\u00f3n mostramos las reflexiones y el balance que hacen cada uno [&hellip;]<\/p>\n","protected":false},"author":3,"featured_media":21311,"comment_status":"closed","ping_status":"closed","sticky":false,"template":"","format":"standard","meta":{"footnotes":""},"categories":[2794],"tags":[],"class_list":["post-22661","post","type-post","status-publish","format-standard","has-post-thumbnail","hentry","category-endurance"],"_links":{"self":[{"href":"https:\/\/www.bulevip.com\/blog\/wp-json\/wp\/v2\/posts\/22661"}],"collection":[{"href":"https:\/\/www.bulevip.com\/blog\/wp-json\/wp\/v2\/posts"}],"about":[{"href":"https:\/\/www.bulevip.com\/blog\/wp-json\/wp\/v2\/types\/post"}],"author":[{"embeddable":true,"href":"https:\/\/www.bulevip.com\/blog\/wp-json\/wp\/v2\/users\/3"}],"replies":[{"embeddable":true,"href":"https:\/\/www.bulevip.com\/blog\/wp-json\/wp\/v2\/comments?post=22661"}],"version-history":[{"count":0,"href":"https:\/\/www.bulevip.com\/blog\/wp-json\/wp\/v2\/posts\/22661\/revisions"}],"wp:featuredmedia":[{"embeddable":true,"href":"https:\/\/www.bulevip.com\/blog\/wp-json\/wp\/v2\/media\/21311"}],"wp:attachment":[{"href":"https:\/\/www.bulevip.com\/blog\/wp-json\/wp\/v2\/media?parent=22661"}],"wp:term":[{"taxonomy":"category","embeddable":true,"href":"https:\/\/www.bulevip.com\/blog\/wp-json\/wp\/v2\/categories?post=22661"},{"taxonomy":"post_tag","embeddable":true,"href":"https:\/\/www.bulevip.com\/blog\/wp-json\/wp\/v2\/tags?post=22661"}],"curies":[{"name":"wp","href":"https:\/\/api.w.org\/{rel}","templated":true}]}}