{"id":22652,"date":"2024-05-08T03:29:17","date_gmt":"2024-05-08T03:29:17","guid":{"rendered":"https:\/\/bulevip.com\/blog\/manana-conoceremos-el-recorrido-de-la-vuelta-2016-2\/"},"modified":"2024-05-08T03:29:17","modified_gmt":"2024-05-08T03:29:17","slug":"manana-conoceremos-el-recorrido-de-la-vuelta016","status":"publish","type":"post","link":"https:\/\/www.bulevip.com\/blog\/manana-conoceremos-el-recorrido-de-la-vuelta016\/","title":{"rendered":"Ma\u00f1ana conoceremos el recorrido de La Vuelta 2016!"},"content":{"rendered":"<p style=\"text-align: justify;\">Ma\u00f1ana, s\u00e1bado, es el d\u00eda, el d\u00eda elegido para desvelar el recorrido de La Vuelta a Espa\u00f1a 2016. Cierto es, que a un d\u00eda de revelar el secreto se conocen muchos posibles datos de la Vuelta, varios medios han filtrado el recorrido, las salidas, las llegadas, los d\u00edas de descanso&#8230; es decir, todo aquello que est\u00e1bamos esperando conocer. El lugar elegido para la presentaci\u00f3n oficial es el Palacio de Congresos de Santiago de Compostela, aqu\u00ed se dar\u00e1n todos los detalles de la 71\u00aa edici\u00f3n de esta m\u00edtica prueba ciclista.<\/p>\n<p>Las 10 llegadas en alto de las que podremos disfrutar ser\u00e1n las siguientes:<\/p>\n<p style=\"text-align: justify;\">&#8211; \u00c9zaro (3\u00aa etapa):\u00a0 2km al 13,1% con un m\u00e1ximo del 29%<br \/>\n&#8211; San Andr\u00e9s de Teixido (4\u00aa etapa)- La Camperona (8\u00aa etapa): 8,3km al 7,5% con un tope del 24%<br \/>\n&#8211; Naranco (9\u00aa etapa)<br \/>\n&#8211; Lagos (10\u00aa etapa)<br \/>\n&#8211; Pe\u00f1a Cabarga (11\u00aa etapa): roza la media de km en subida con un 18%.<br \/>\n&#8211; Aubisque (14\u00aa etapa)<br \/>\n&#8211; Formigal (15\u00aa etapa)<\/p>\n<p style=\"text-align: justify;\">La etapa 17 Castell\u00f3n-Mas de la Costa tendr\u00e1 un tramo de 4km con rampas brutales entre el 15% y el 22%. La Comunidad Valenciana ser\u00e1 la protagonista de unas etapas decisivas, la etapa 19 y 20 donde tendr\u00e1n lugar la contrarreloj individual (J\u00e1vea-Calpe) y el Alto de Aitana.<\/p>\n<p style=\"text-align: center;\"><a href=\"https:\/\/bulevip.com\/blog\/wp-content\/uploads\/2016\/01\/vuelta-a-espa\u00f1a.jpg\" rel=\"nofollow noopener\" target=\"_blank\"><img loading=\"lazy\" decoding=\"async\" class=\"aligncenter size-full wp-image-4069\" src=\"https:\/\/bulevip.com\/blog\/wp-content\/uploads\/2016\/01\/vuelta-a-espa\u00f1a.jpg\" alt=\"vuelta a espa\u00f1a\" width=\"980\" height=\"1344\" \/><\/a>La Vuelta tendr\u00e1 lugar entre el 20 de agosto y 11 de septiembre, \u00bfte la vas a perder?<\/p>\n","protected":false},"excerpt":{"rendered":"<p>Ma\u00f1ana, s\u00e1bado, es el d\u00eda, el d\u00eda elegido para desvelar el recorrido de La Vuelta a Espa\u00f1a 2016. Cierto es, que a un d\u00eda de revelar el secreto se conocen muchos posibles datos de la Vuelta, varios medios han filtrado el recorrido, las salidas, las llegadas, los d\u00edas de descanso&#8230; es decir, todo aquello que [&hellip;]<\/p>\n","protected":false},"author":3,"featured_media":17266,"comment_status":"closed","ping_status":"closed","sticky":false,"template":"","format":"standard","meta":{"footnotes":""},"categories":[2794],"tags":[],"class_list":["post-22652","post","type-post","status-publish","format-standard","has-post-thumbnail","hentry","category-endurance"],"_links":{"self":[{"href":"https:\/\/www.bulevip.com\/blog\/wp-json\/wp\/v2\/posts\/22652"}],"collection":[{"href":"https:\/\/www.bulevip.com\/blog\/wp-json\/wp\/v2\/posts"}],"about":[{"href":"https:\/\/www.bulevip.com\/blog\/wp-json\/wp\/v2\/types\/post"}],"author":[{"embeddable":true,"href":"https:\/\/www.bulevip.com\/blog\/wp-json\/wp\/v2\/users\/3"}],"replies":[{"embeddable":true,"href":"https:\/\/www.bulevip.com\/blog\/wp-json\/wp\/v2\/comments?post=22652"}],"version-history":[{"count":0,"href":"https:\/\/www.bulevip.com\/blog\/wp-json\/wp\/v2\/posts\/22652\/revisions"}],"wp:featuredmedia":[{"embeddable":true,"href":"https:\/\/www.bulevip.com\/blog\/wp-json\/wp\/v2\/media\/17266"}],"wp:attachment":[{"href":"https:\/\/www.bulevip.com\/blog\/wp-json\/wp\/v2\/media?parent=22652"}],"wp:term":[{"taxonomy":"category","embeddable":true,"href":"https:\/\/www.bulevip.com\/blog\/wp-json\/wp\/v2\/categories?post=22652"},{"taxonomy":"post_tag","embeddable":true,"href":"https:\/\/www.bulevip.com\/blog\/wp-json\/wp\/v2\/tags?post=22652"}],"curies":[{"name":"wp","href":"https:\/\/api.w.org\/{rel}","templated":true}]}}