{"id":22637,"date":"2024-05-04T08:39:12","date_gmt":"2024-05-04T08:39:12","guid":{"rendered":"https:\/\/bulevip.com\/blog\/quien-sera-el-mejor-triatleta-europeo-del-ano-hagan-sus-apuestas-2\/"},"modified":"2024-05-04T08:39:12","modified_gmt":"2024-05-04T08:39:12","slug":"quien-sera-el-mejor-triatleta-europeo-del-ano-hagan-sus-apuestas","status":"publish","type":"post","link":"https:\/\/www.bulevip.com\/blog\/quien-sera-el-mejor-triatleta-europeo-del-ano-hagan-sus-apuestas\/","title":{"rendered":"\u00bfQui\u00e9n ser\u00e1 el mejor triatleta europeo del a\u00f1o? Hagan sus apuestas!"},"content":{"rendered":"<p style=\"text-align: justify;\"><strong>Javier G\u00f3mez Noya, Mario Mola y Uxio Abu\u00edn<\/strong> son los tres espa\u00f1oles que optan al premio de \u00abMejor Triatleta Europeo del A\u00f1o\u00bb. El 15 de enero tendr\u00e1 lugar la Gala Anual de la Federaci\u00f3n Europea de Triatl\u00f3n en Par\u00eds, donde, como podemos comprobar, la presencia espa\u00f1ola es m\u00e1xima.<\/p>\n<p style=\"text-align: justify;\">Noya, tras conquistar su quinto t\u00edtulo mundial y pasar a la historia, opta a otro reconocimiento para colocar en su vitrina. En la misma lista de candidatos encontramos al subcampe\u00f3n del mundo de triatl\u00f3n, Mario Mola y Uxio Abu\u00edn, campe\u00f3n de la Copa de Europa de este 2015.<\/p>\n<figure id=\"attachment_3971\" aria-describedby=\"caption-attachment-3971\" style=\"width: 531px\" class=\"wp-caption aligncenter\"><a href=\"https:\/\/bulevip.com\/blog\/wp-content\/uploads\/2015\/12\/noya-mario-mola.jpeg\" rel=\"nofollow noopener\" target=\"_blank\"><img loading=\"lazy\" decoding=\"async\" class=\"wp-image-3971\" src=\"https:\/\/bulevip.com\/blog\/wp-content\/uploads\/2015\/12\/noya-mario-mola.jpeg\" alt=\"noya-mario-mola\" width=\"531\" height=\"299\" \/><\/a><figcaption id=\"caption-attachment-3971\" class=\"wp-caption-text\">Noya y Mola en el sprint de Yokohama<\/figcaption><\/figure>\n<p style=\"text-align: justify;\">Dentro de las diferentes categor\u00edas que optan a premio, la Federaci\u00f3n Espa\u00f1ola de triatl\u00f3n est\u00e1 nominada junto a la Federaci\u00f3n Francesa y la de Reino Unido al mejor premio de Federaci\u00f3n 2015.<\/p>\n<p style=\"text-align: justify;\">Queda reflejado el buen quehacer de los diferentes nominados, que les ha permitido llegar a optar a un nuevo reconocimiento a nivel Europeo. Enhorabuena y suerte!<\/p>\n","protected":false},"excerpt":{"rendered":"<p>Javier G\u00f3mez Noya, Mario Mola y Uxio Abu\u00edn son los tres espa\u00f1oles que optan al premio de \u00abMejor Triatleta Europeo del A\u00f1o\u00bb. El 15 de enero tendr\u00e1 lugar la Gala Anual de la Federaci\u00f3n Europea de Triatl\u00f3n en Par\u00eds, donde, como podemos comprobar, la presencia espa\u00f1ola es m\u00e1xima. Noya, tras conquistar su quinto t\u00edtulo mundial [&hellip;]<\/p>\n","protected":false},"author":3,"featured_media":17246,"comment_status":"closed","ping_status":"closed","sticky":false,"template":"","format":"standard","meta":{"footnotes":""},"categories":[2794],"tags":[],"class_list":["post-22637","post","type-post","status-publish","format-standard","has-post-thumbnail","hentry","category-endurance"],"_links":{"self":[{"href":"https:\/\/www.bulevip.com\/blog\/wp-json\/wp\/v2\/posts\/22637"}],"collection":[{"href":"https:\/\/www.bulevip.com\/blog\/wp-json\/wp\/v2\/posts"}],"about":[{"href":"https:\/\/www.bulevip.com\/blog\/wp-json\/wp\/v2\/types\/post"}],"author":[{"embeddable":true,"href":"https:\/\/www.bulevip.com\/blog\/wp-json\/wp\/v2\/users\/3"}],"replies":[{"embeddable":true,"href":"https:\/\/www.bulevip.com\/blog\/wp-json\/wp\/v2\/comments?post=22637"}],"version-history":[{"count":0,"href":"https:\/\/www.bulevip.com\/blog\/wp-json\/wp\/v2\/posts\/22637\/revisions"}],"wp:featuredmedia":[{"embeddable":true,"href":"https:\/\/www.bulevip.com\/blog\/wp-json\/wp\/v2\/media\/17246"}],"wp:attachment":[{"href":"https:\/\/www.bulevip.com\/blog\/wp-json\/wp\/v2\/media?parent=22637"}],"wp:term":[{"taxonomy":"category","embeddable":true,"href":"https:\/\/www.bulevip.com\/blog\/wp-json\/wp\/v2\/categories?post=22637"},{"taxonomy":"post_tag","embeddable":true,"href":"https:\/\/www.bulevip.com\/blog\/wp-json\/wp\/v2\/tags?post=22637"}],"curies":[{"name":"wp","href":"https:\/\/api.w.org\/{rel}","templated":true}]}}