{"id":22603,"date":"2024-04-26T14:25:15","date_gmt":"2024-04-26T14:25:15","guid":{"rendered":"https:\/\/bulevip.com\/blog\/jan-frodeno-mejor-deportista-del-ano-premios-bambi-2\/"},"modified":"2024-04-26T14:25:15","modified_gmt":"2024-04-26T14:25:15","slug":"jan-frodeno-mejor-deportista-del-ano-premios-bambi","status":"publish","type":"post","link":"https:\/\/www.bulevip.com\/blog\/jan-frodeno-mejor-deportista-del-ano-premios-bambi\/","title":{"rendered":"Jan Frodeno mejor deportista del a\u00f1o. Premios Bambi."},"content":{"rendered":"<p style=\"text-align: justify;\">Ayer en Berl\u00edn se celebr\u00f3 la gala de los premios Bambi. Es un premio anual de televisi\u00f3n y medios audiovisuales que otorga la compa\u00f1\u00eda alemana Hubert Burda Media y contiene diferentes secciones, premiando as\u00ed a famosos, actores, cantantes, personalidades y deportistas.<\/p>\n<p style=\"text-align: justify;\"><strong>Jan Frodeno<\/strong> fue el aut\u00e9ntico protagonista en la secci\u00f3n de deportes, consiguiendo el <strong>premio Bambi de oro que lo define como mejor deportista del a\u00f1o.<\/strong> El alem\u00e1n llegaba a la gala con dos campeonatos del mundo 2015 en su poder, el IronMan y el de 70.3. El germano le dedic\u00f3 el premio a su mujer que no pudo asistir a la gala debido a su embarazo.<\/p>\n<p style=\"text-align: justify;\"><a href=\"https:\/\/bulevip.com\/blog\/wp-content\/uploads\/2015\/11\/Jan-Frodeno.png\" rel=\"nofollow noopener\" target=\"_blank\"><img loading=\"lazy\" decoding=\"async\" class=\"aligncenter size-full wp-image-3769\" src=\"https:\/\/bulevip.com\/blog\/wp-content\/uploads\/2015\/11\/Jan-Frodeno.png\" alt=\"Jan-Frodeno\" width=\"812\" height=\"547\" \/><\/a>Esperemos que la pr\u00f3xima temporada siga consiguiendo grandes triunfos, enhorabuena!<\/p>\n","protected":false},"excerpt":{"rendered":"<p>Ayer en Berl\u00edn se celebr\u00f3 la gala de los premios Bambi. Es un premio anual de televisi\u00f3n y medios audiovisuales que otorga la compa\u00f1\u00eda alemana Hubert Burda Media y contiene diferentes secciones, premiando as\u00ed a famosos, actores, cantantes, personalidades y deportistas. Jan Frodeno fue el aut\u00e9ntico protagonista en la secci\u00f3n de deportes, consiguiendo el premio [&hellip;]<\/p>\n","protected":false},"author":3,"featured_media":17199,"comment_status":"closed","ping_status":"closed","sticky":false,"template":"","format":"standard","meta":{"footnotes":""},"categories":[2794],"tags":[],"class_list":["post-22603","post","type-post","status-publish","format-standard","has-post-thumbnail","hentry","category-endurance"],"_links":{"self":[{"href":"https:\/\/www.bulevip.com\/blog\/wp-json\/wp\/v2\/posts\/22603"}],"collection":[{"href":"https:\/\/www.bulevip.com\/blog\/wp-json\/wp\/v2\/posts"}],"about":[{"href":"https:\/\/www.bulevip.com\/blog\/wp-json\/wp\/v2\/types\/post"}],"author":[{"embeddable":true,"href":"https:\/\/www.bulevip.com\/blog\/wp-json\/wp\/v2\/users\/3"}],"replies":[{"embeddable":true,"href":"https:\/\/www.bulevip.com\/blog\/wp-json\/wp\/v2\/comments?post=22603"}],"version-history":[{"count":0,"href":"https:\/\/www.bulevip.com\/blog\/wp-json\/wp\/v2\/posts\/22603\/revisions"}],"wp:featuredmedia":[{"embeddable":true,"href":"https:\/\/www.bulevip.com\/blog\/wp-json\/wp\/v2\/media\/17199"}],"wp:attachment":[{"href":"https:\/\/www.bulevip.com\/blog\/wp-json\/wp\/v2\/media?parent=22603"}],"wp:term":[{"taxonomy":"category","embeddable":true,"href":"https:\/\/www.bulevip.com\/blog\/wp-json\/wp\/v2\/categories?post=22603"},{"taxonomy":"post_tag","embeddable":true,"href":"https:\/\/www.bulevip.com\/blog\/wp-json\/wp\/v2\/tags?post=22603"}],"curies":[{"name":"wp","href":"https:\/\/api.w.org\/{rel}","templated":true}]}}