{"id":22598,"date":"2024-04-24T20:28:28","date_gmt":"2024-04-24T20:28:28","guid":{"rendered":"https:\/\/bulevip.com\/blog\/el-proximo-domingo-tienes-una-cita-con-la-maraton-de-valencia-2\/"},"modified":"2024-04-24T20:28:28","modified_gmt":"2024-04-24T20:28:28","slug":"el-proximo-domingo-tienes-una-cita-con-la-maraton-de-valencia","status":"publish","type":"post","link":"https:\/\/www.bulevip.com\/blog\/el-proximo-domingo-tienes-una-cita-con-la-maraton-de-valencia\/","title":{"rendered":"El pr\u00f3ximo domingo tienes una cita con la Marat\u00f3n de Valencia."},"content":{"rendered":"<p style=\"text-align: justify;\">El pr\u00f3ximo domingo d\u00eda 15 la ciudad de Valencia acoger\u00e1 la Marat\u00f3n m\u00e1s esperada, junto a esta prueba se desarrollar\u00e1n paralelamente los 10k. M\u00e1s de 25.000 corredores ser\u00e1n los protagonistas de este d\u00eda. La Marat\u00f3n de Valencia Trinidad Alfonso cumple su 35\u00ba edici\u00f3n batiendo r\u00e9cord de participaci\u00f3n.<\/p>\n<p style=\"text-align: justify;\"><a href=\"https:\/\/bulevip.com\/blog\/wp-content\/uploads\/2015\/11\/maraton-valencia-2015-recorrido.jpg\" rel=\"nofollow noopener\" target=\"_blank\"><img loading=\"lazy\" decoding=\"async\" class=\"aligncenter  wp-image-3735\" src=\"https:\/\/bulevip.com\/blog\/wp-content\/uploads\/2015\/11\/maraton-valencia-2015-recorrido.jpg\" alt=\"maraton-valencia-2015-recorrido\" width=\"551\" height=\"367\" \/><\/a><\/p>\n<p style=\"text-align: justify;\">Adem\u00e1s de la carrera, tendr\u00e1n lugar multitud de actividades paralelas y acontecimientos extradeportivos, animaciones alrededor del circuito, marat\u00f3n fotogr\u00e1fico de Valencia, Running Fallero o el Shopping Run. Como no pod\u00eda faltar, tambi\u00e9n tendremos la Expo Deporte Valencia, la feria del corredor previa a la carrera.<\/p>\n<p style=\"text-align: justify;\">Meti\u00e9ndonos de lleno en la carrera, cabe destacar a los favoritos que optan a la victoria final, entre ellos: Felix Kipkemoi Keny que consigui\u00f3 una marca de 2:07:14 en 2013, los et\u00edopes Tola Seboka 2:06:17 y Abraham Adihana 2:06:23, as\u00ed como los kenianos Philemon Rono 2:07:07 y Luka Kanda 2:07:20. La categor\u00eda femenina contar\u00e1 con la participaci\u00f3n de la recordwoman Beata Naigambo que consigui\u00f3 el a\u00f1o pasado la mejor marca 2:30:55. En esta edici\u00f3n, Naigomba tendr\u00e1 que pelear con 10 atletas m\u00e1s que acreditan una marca inferior a 2:30:00.<\/p>\n<p style=\"text-align: justify;\"><strong>RECORRIDO<\/strong><\/p>\n<p style=\"text-align: justify;\"><a href=\"https:\/\/bulevip.com\/blog\/wp-content\/uploads\/2015\/11\/maraton-valencia-2015-plano.jpg\" rel=\"nofollow noopener\" target=\"_blank\"><img loading=\"lazy\" decoding=\"async\" class=\"aligncenter size-full wp-image-3736\" src=\"https:\/\/bulevip.com\/blog\/wp-content\/uploads\/2015\/11\/maraton-valencia-2015-plano.jpg\" alt=\"maraton-valencia-2015-plano\" width=\"905\" height=\"496\" \/><\/a><\/p>\n<p style=\"text-align: justify;\">Como novedad, este 2015 se ha puesto en marcha el programa \u00abDe Valencia a Rio\u00bb que ha propiciado la llegada de m\u00e1s de 40 atletas de \u00e9lite que buscar\u00e1n su m\u00ednima para ir a los juegos ol\u00edmpicos de R\u00edo el pr\u00f3ximo a\u00f1o.<\/p>\n<p style=\"text-align: justify;\">En 10k aparecen los favoritos, Michael Bett, Roberto Sotomayor y Francisco Bachiller. En f\u00e9minas, Sonia Labrado, Elena Moreno, Laura M\u00e9ndez y Raquel Land\u00edn. Un cartel de m\u00e1xima calidad que garantiza la competitividad entre los que buscan la victoria final.<\/p>\n<p style=\"text-align: justify;\">Adem\u00e1s de la competitividad que se vivir\u00e1 ese d\u00eda en la \u00e9lite, otro gran n\u00famero de corredores populares luchar\u00e1n por conseguir su mejor marca personal en la marat\u00f3n. \u00c1nimo a todos!<\/p>\n","protected":false},"excerpt":{"rendered":"<p>El pr\u00f3ximo domingo d\u00eda 15 la ciudad de Valencia acoger\u00e1 la Marat\u00f3n m\u00e1s esperada, junto a esta prueba se desarrollar\u00e1n paralelamente los 10k. M\u00e1s de 25.000 corredores ser\u00e1n los protagonistas de este d\u00eda. La Marat\u00f3n de Valencia Trinidad Alfonso cumple su 35\u00ba edici\u00f3n batiendo r\u00e9cord de participaci\u00f3n. Adem\u00e1s de la carrera, tendr\u00e1n lugar multitud de [&hellip;]<\/p>\n","protected":false},"author":3,"featured_media":21271,"comment_status":"closed","ping_status":"closed","sticky":false,"template":"","format":"standard","meta":{"footnotes":""},"categories":[2794],"tags":[],"class_list":["post-22598","post","type-post","status-publish","format-standard","has-post-thumbnail","hentry","category-endurance"],"_links":{"self":[{"href":"https:\/\/www.bulevip.com\/blog\/wp-json\/wp\/v2\/posts\/22598"}],"collection":[{"href":"https:\/\/www.bulevip.com\/blog\/wp-json\/wp\/v2\/posts"}],"about":[{"href":"https:\/\/www.bulevip.com\/blog\/wp-json\/wp\/v2\/types\/post"}],"author":[{"embeddable":true,"href":"https:\/\/www.bulevip.com\/blog\/wp-json\/wp\/v2\/users\/3"}],"replies":[{"embeddable":true,"href":"https:\/\/www.bulevip.com\/blog\/wp-json\/wp\/v2\/comments?post=22598"}],"version-history":[{"count":0,"href":"https:\/\/www.bulevip.com\/blog\/wp-json\/wp\/v2\/posts\/22598\/revisions"}],"wp:featuredmedia":[{"embeddable":true,"href":"https:\/\/www.bulevip.com\/blog\/wp-json\/wp\/v2\/media\/21271"}],"wp:attachment":[{"href":"https:\/\/www.bulevip.com\/blog\/wp-json\/wp\/v2\/media?parent=22598"}],"wp:term":[{"taxonomy":"category","embeddable":true,"href":"https:\/\/www.bulevip.com\/blog\/wp-json\/wp\/v2\/categories?post=22598"},{"taxonomy":"post_tag","embeddable":true,"href":"https:\/\/www.bulevip.com\/blog\/wp-json\/wp\/v2\/tags?post=22598"}],"curies":[{"name":"wp","href":"https:\/\/api.w.org\/{rel}","templated":true}]}}