{"id":22595,"date":"2024-04-24T08:07:56","date_gmt":"2024-04-24T08:07:56","guid":{"rendered":"https:\/\/bulevip.com\/blog\/la-behobia-san-sebastian-se-tine-de-luto-2\/"},"modified":"2024-04-24T08:07:56","modified_gmt":"2024-04-24T08:07:56","slug":"la-behobia-san-sebastian-se-tine-de-luto","status":"publish","type":"post","link":"https:\/\/www.bulevip.com\/blog\/la-behobia-san-sebastian-se-tine-de-luto\/","title":{"rendered":"La Behobia-San Sebasti\u00e1n se ti\u00f1e de luto."},"content":{"rendered":"<p style=\"text-align: justify;\">A todos nos suena el nombre de esta famosa carrera, la Behobia-San Sebasti\u00e1n. Consta de 20km donde las condiciones ambientales son normalmente propias del mes de noviembre, pero este a\u00f1o el tiempo fue algo inusual: m\u00e1s de 23 grados y un nivel elevado de humedad; condiciones a las que se expusieron m\u00e1s de 30.000 corredores.<\/p>\n<p style=\"text-align: justify;\">El domingo pasado, esta medi\u00e1tica carrera se cobr\u00f3 la vida de un participante navarro de 31 a\u00f1os que se desvaneci\u00f3 al cruzar la meta y poco se pudo hacer por su vida. Adem\u00e1s de este tr\u00e1gico suceso, otros tantos atletas tuvieron que se trasladados al hospital por diferentes problemas f\u00edsicos, muchos de ellos relacionados con las condiciones ambientales.<\/p>\n<p style=\"text-align: justify;\">Aunque no sea este el caso, debemos tener en cuenta que antes de realizar una carrera de estas caracter\u00edsticas debemos entrenar con el tiempo suficiente para tener garant\u00edas de acabar la prueba en condiciones \u00f3ptimas. Otro punto importante es la hidrataci\u00f3n, ya que la falta de \u00e9sta puede pasar factura.<\/p>\n<p style=\"text-align: justify;\"><a href=\"https:\/\/bulevip.com\/blog\/wp-content\/uploads\/2015\/11\/behobia-sansebastian-2014-corredores1.jpg\" rel=\"nofollow noopener\" target=\"_blank\"><img loading=\"lazy\" decoding=\"async\" class=\"aligncenter  wp-image-3715\" src=\"https:\/\/bulevip.com\/blog\/wp-content\/uploads\/2015\/11\/behobia-sansebastian-2014-corredores1.jpg\" alt=\"behobia-sansebastian-2014-corredores1\" width=\"502\" height=\"261\" \/><\/a>Por otro lado, cabe destacar la actuaci\u00f3n del catal\u00e1n Carles Castillejo, quien se proclam\u00f3 vencedor con un tiempo de 1:01:12. En f\u00e9minas, el triunfo fue para la extreme\u00f1a Raquel G\u00f3mez quien en el kil\u00f3metro 15 iba en cuarto lugar, pero que finaliz\u00f3 primera con un tiempo de 1:13:39.<\/p>\n<p style=\"text-align: justify;\">\n","protected":false},"excerpt":{"rendered":"<p>A todos nos suena el nombre de esta famosa carrera, la Behobia-San Sebasti\u00e1n. Consta de 20km donde las condiciones ambientales son normalmente propias del mes de noviembre, pero este a\u00f1o el tiempo fue algo inusual: m\u00e1s de 23 grados y un nivel elevado de humedad; condiciones a las que se expusieron m\u00e1s de 30.000 corredores. [&hellip;]<\/p>\n","protected":false},"author":3,"featured_media":17190,"comment_status":"closed","ping_status":"closed","sticky":false,"template":"","format":"standard","meta":{"footnotes":""},"categories":[2794],"tags":[],"class_list":["post-22595","post","type-post","status-publish","format-standard","has-post-thumbnail","hentry","category-endurance"],"_links":{"self":[{"href":"https:\/\/www.bulevip.com\/blog\/wp-json\/wp\/v2\/posts\/22595"}],"collection":[{"href":"https:\/\/www.bulevip.com\/blog\/wp-json\/wp\/v2\/posts"}],"about":[{"href":"https:\/\/www.bulevip.com\/blog\/wp-json\/wp\/v2\/types\/post"}],"author":[{"embeddable":true,"href":"https:\/\/www.bulevip.com\/blog\/wp-json\/wp\/v2\/users\/3"}],"replies":[{"embeddable":true,"href":"https:\/\/www.bulevip.com\/blog\/wp-json\/wp\/v2\/comments?post=22595"}],"version-history":[{"count":0,"href":"https:\/\/www.bulevip.com\/blog\/wp-json\/wp\/v2\/posts\/22595\/revisions"}],"wp:featuredmedia":[{"embeddable":true,"href":"https:\/\/www.bulevip.com\/blog\/wp-json\/wp\/v2\/media\/17190"}],"wp:attachment":[{"href":"https:\/\/www.bulevip.com\/blog\/wp-json\/wp\/v2\/media?parent=22595"}],"wp:term":[{"taxonomy":"category","embeddable":true,"href":"https:\/\/www.bulevip.com\/blog\/wp-json\/wp\/v2\/categories?post=22595"},{"taxonomy":"post_tag","embeddable":true,"href":"https:\/\/www.bulevip.com\/blog\/wp-json\/wp\/v2\/tags?post=22595"}],"curies":[{"name":"wp","href":"https:\/\/api.w.org\/{rel}","templated":true}]}}