{"id":22590,"date":"2024-04-23T06:46:32","date_gmt":"2024-04-23T06:46:32","guid":{"rendered":"https:\/\/bulevip.com\/blog\/martin-fiz-52-anos-y-2h3433-en-la-maraton-de-nueva-york-2\/"},"modified":"2024-04-23T06:46:32","modified_gmt":"2024-04-23T06:46:32","slug":"martin-fiz-52-anos-yh3433-en-la-maraton-de-nueva-york","status":"publish","type":"post","link":"https:\/\/www.bulevip.com\/blog\/martin-fiz-52-anos-yh3433-en-la-maraton-de-nueva-york\/","title":{"rendered":"Mart\u00edn Fiz, 52 a\u00f1os y 2h:34:33 en la Marat\u00f3n de Nueva York."},"content":{"rendered":"<p style=\"text-align: justify;\"><strong>Mart\u00edn Fiz<\/strong>, campe\u00f3n mundial de marat\u00f3n en 1995 y de Europa en 1994, gana la marat\u00f3n de Nueva York en la categor\u00eda de mayores de 50 a\u00f1os con un tiempo de 2h:34:33, y a\u00fan sigue ostentando la mejor marca de los espa\u00f1oles en esta\u00a0marat\u00f3n con un tiempo de 2:12:03.<\/p>\n<p style=\"text-align: justify;\">Fiz ha luchado durante muchos a\u00f1os para ganar la marat\u00f3n de Nueva York en categor\u00eda absoluta, concretamente en 1996, donde qued\u00f3 s\u00e9ptimo y 1999, consiguiendo un noveno puesto; ahora ya puede decir que ha ganado la marat\u00f3n de Nueva York.<\/p>\n<p><a href=\"https:\/\/bulevip.com\/blog\/wp-content\/uploads\/2015\/11\/martin-fiz-575x323.jpg\" rel=\"nofollow noopener\" target=\"_blank\"><img loading=\"lazy\" decoding=\"async\" class=\"aligncenter  wp-image-3691\" src=\"https:\/\/bulevip.com\/blog\/wp-content\/uploads\/2015\/11\/martin-fiz-575x323.jpg\" alt=\"martin-fiz--575x323\" width=\"532\" height=\"299\" \/><\/a><\/p>\n<p style=\"text-align: justify;\">El vitoriano mantiene la ilusi\u00f3n y las ganas de siempre aunque ahora los objetivos se deben adaptar a su edad. Comenta que corre cada d\u00eda 15km, pero para preparar esta marat\u00f3n ha llegado a los 25km, como \u00e9l dice, \u00ablo m\u00e1s importante es que corriendo me siento vivo y feliz\u00bb.<\/p>\n<p style=\"text-align: justify;\">Fiz comenta que \u00abel ambiente en carrera es incre\u00edble. Los dem\u00e1s atletas me tratan con mucho cari\u00f1o y respeto, y tantos a\u00f1os despu\u00e9s sigo firmando aut\u00f3grafos. Con la explosi\u00f3n del running que ha habido ahora, soy tan popular como antes\u00bb<\/p>\n<p style=\"text-align: justify;\">Enhorabuena!<\/p>\n<div id=\"copia\"><\/div>\n<p>&nbsp;<\/p>\n","protected":false},"excerpt":{"rendered":"<p>Mart\u00edn Fiz, campe\u00f3n mundial de marat\u00f3n en 1995 y de Europa en 1994, gana la marat\u00f3n de Nueva York en la categor\u00eda de mayores de 50 a\u00f1os con un tiempo de 2h:34:33, y a\u00fan sigue ostentando la mejor marca de los espa\u00f1oles en esta\u00a0marat\u00f3n con un tiempo de 2:12:03. Fiz ha luchado durante muchos a\u00f1os [&hellip;]<\/p>\n","protected":false},"author":3,"featured_media":17183,"comment_status":"closed","ping_status":"closed","sticky":false,"template":"","format":"standard","meta":{"footnotes":""},"categories":[2794],"tags":[],"class_list":["post-22590","post","type-post","status-publish","format-standard","has-post-thumbnail","hentry","category-endurance"],"_links":{"self":[{"href":"https:\/\/www.bulevip.com\/blog\/wp-json\/wp\/v2\/posts\/22590"}],"collection":[{"href":"https:\/\/www.bulevip.com\/blog\/wp-json\/wp\/v2\/posts"}],"about":[{"href":"https:\/\/www.bulevip.com\/blog\/wp-json\/wp\/v2\/types\/post"}],"author":[{"embeddable":true,"href":"https:\/\/www.bulevip.com\/blog\/wp-json\/wp\/v2\/users\/3"}],"replies":[{"embeddable":true,"href":"https:\/\/www.bulevip.com\/blog\/wp-json\/wp\/v2\/comments?post=22590"}],"version-history":[{"count":0,"href":"https:\/\/www.bulevip.com\/blog\/wp-json\/wp\/v2\/posts\/22590\/revisions"}],"wp:featuredmedia":[{"embeddable":true,"href":"https:\/\/www.bulevip.com\/blog\/wp-json\/wp\/v2\/media\/17183"}],"wp:attachment":[{"href":"https:\/\/www.bulevip.com\/blog\/wp-json\/wp\/v2\/media?parent=22590"}],"wp:term":[{"taxonomy":"category","embeddable":true,"href":"https:\/\/www.bulevip.com\/blog\/wp-json\/wp\/v2\/categories?post=22590"},{"taxonomy":"post_tag","embeddable":true,"href":"https:\/\/www.bulevip.com\/blog\/wp-json\/wp\/v2\/tags?post=22590"}],"curies":[{"name":"wp","href":"https:\/\/api.w.org\/{rel}","templated":true}]}}