{"id":22581,"date":"2024-04-20T22:02:25","date_gmt":"2024-04-20T22:02:25","guid":{"rendered":"https:\/\/bulevip.com\/blog\/quien-ha-dicho-tengo-posiblidades-de-ganar-el-oro-olimpico-2\/"},"modified":"2024-04-20T22:02:25","modified_gmt":"2024-04-20T22:02:25","slug":"quien-ha-dicho-tengo-posiblidades-de-ganar-el-oro-olimpico","status":"publish","type":"post","link":"https:\/\/www.bulevip.com\/blog\/quien-ha-dicho-tengo-posiblidades-de-ganar-el-oro-olimpico\/","title":{"rendered":"\u00bfQui\u00e9n ha dicho: tengo posiblidades de ganar el oro ol\u00edmpico?"},"content":{"rendered":"<p style=\"text-align: justify;\">Javier G\u00f3mez Noya es un nombre para la historia del<span class=\"Apple-converted-space\">\u00a0<\/span><strong>triatl\u00f3n<\/strong>. Ya la ha escrito y la seguir\u00e1 escribiendo. El primero en ganar cinco t\u00edtulos mundiales. Con 32 a\u00f1os, cuenta con medalla de plata ol\u00edmpica pero su af\u00e1n de superaci\u00f3n y tenacidad le empujan hacia un nuevo reto: el oro en los Juegos Ol\u00edmpicos de R\u00edo.<\/p>\n<p style=\"text-align: justify;\"><a href=\"https:\/\/bulevip.com\/blog\/wp-content\/uploads\/2015\/10\/G\u00f3mez-Noya-en-WTS-Chicago1.jpg\" rel=\"nofollow noopener\" target=\"_blank\"><img loading=\"lazy\" decoding=\"async\" class=\"aligncenter  wp-image-3619\" src=\"https:\/\/bulevip.com\/blog\/wp-content\/uploads\/2015\/10\/G\u00f3mez-Noya-en-WTS-Chicago1.jpg\" alt=\"G\u00f3mez-Noya-en-WTS-Chicago1\" width=\"497\" height=\"311\" \/><\/a><\/p>\n<p style=\"text-align: justify;\"><strong>Pregunta: Eres el mejor triatleta de todos los tiempos, \u00bfc\u00f3mo te sientes?<\/strong><\/p>\n<p style=\"text-align: justify;\"><strong>Respuesta:<\/strong><span class=\"Apple-converted-space\">\u00a0<\/span>Me siento muy feliz, nunca hubiese imaginado haber ganado cinco mundiales ITU (Uni\u00f3n Internacional\u00a0de\u00a0Triatl\u00f3n). Es mucho m\u00e1s de lo que hubiese so\u00f1ado. Ahora bien, decir el mejor triatleta de todos los tiempos no me gusta del todo, puesto que no se pueden comparar los diferentes triatletas a lo largo del tiempo; cada generaci\u00f3n es diferente.<\/p>\n<p style=\"text-align: justify;\"><strong>P: \u00bfEn qu\u00e9 se diferencia tu generaci\u00f3n a la anterior?<\/strong><\/p>\n<p style=\"text-align: justify;\"><strong>R:<span class=\"Apple-converted-space\">\u00a0<\/span><\/strong>Actualmente estoy compitiendo con otra generaci\u00f3n de atletas. Si comparamos las edades de mis rivales en las carreras mundiales suelen ser, al menos, cinco a\u00f1os m\u00e1s j\u00f3venes que yo. Anteriormente, hab\u00eda m\u00e1s combatividad en el sector de la bicicleta, sin embargo en la generaci\u00f3n actual son m\u00e1s r\u00e1pidos en la carrera a pie.<\/p>\n<p style=\"text-align: justify;\"><strong>P: \u00bfQu\u00e9 es lo primero que pensaste al cruzar la l\u00ednea de meta?<\/strong><\/p>\n<p style=\"text-align: justify;\"><strong>R:<\/strong><span class=\"Apple-converted-space\">\u00a0<\/span>Lo primero fue una inmensa felicidad, supon\u00eda saber que el gran objetivo de la temporada estaba cumplido. Lo segundo, un poco de \u201crabia\u201d porque Mario me gan\u00f3. Fue el mejor en esa carrera, me alegro mucho por \u00e9l porque hizo un carrer\u00f3n; fue el justo vencedor, pero nunca me gusta que me ganen.<\/p>\n<p style=\"text-align: justify;\"><strong>P: \u00bfQu\u00e9 significa para ti haber superado al brit\u00e1nico Lessing en t\u00edtulos?<\/strong><\/p>\n<p style=\"text-align: justify;\"><strong>R:<\/strong><span class=\"Apple-converted-space\">\u00a0<\/span>Creo que necesitar\u00e9 un tiempo para asimilar todo lo conseguido, sin duda que ser el triatleta con m\u00e1s t\u00edtulos mundiales es algo que me llena de satisfacci\u00f3n. Una persona nunca se cansa de ganar, es una sensaci\u00f3n muy placentera, pero el a\u00f1o que viene no voy a tener ninguna ventaja por ello, as\u00ed que toca seguir luchando y trabajando para intentar ganar m\u00e1s t\u00edtulos.<\/p>\n<p><strong>P: Eres muy competitivo. \u00bfSiempre gana el mejor?<\/strong><\/p>\n<p style=\"text-align: justify;\"><strong>R:<\/strong><span class=\"Apple-converted-space\">\u00a0<\/span>En el sistema actual de competici\u00f3n se premia bastante la regularidad, el campe\u00f3n suele ser m\u00e1s justo porque se puede eliminar alg\u00fan resultado. Sin embargo, la gran final sigue contando mucho, por lo que en caso que no existan aver\u00edas t\u00e9cnicas o ca\u00eddas se puede decir que suele ganar el mejor.<\/p>\n<p style=\"text-align: justify;\"><a href=\"https:\/\/bulevip.com\/blog\/wp-content\/uploads\/2015\/10\/Javi-Gomez-Noya.jpg\" rel=\"nofollow noopener\" target=\"_blank\"><img loading=\"lazy\" decoding=\"async\" class=\"aligncenter size-full wp-image-3620\" src=\"https:\/\/bulevip.com\/blog\/wp-content\/uploads\/2015\/10\/Javi-Gomez-Noya.jpg\" alt=\"Javi-Gomez-Noya\" width=\"500\" height=\"324\" \/><\/a><\/p>\n<p style=\"text-align: justify;\"><strong>P: \u00ab2014 ha sido la mejor temporada de mi vida\u00bb, dijiste hace un a\u00f1o. Imagino que 2015 ha supuesto mucho m\u00e1s\u2026<\/strong><\/p>\n<p style=\"text-align: justify;\"><strong>R:<\/strong><span class=\"Apple-converted-space\">\u00a0<\/span>Lo cierto es que la temporada 2014 fue mejor en cuanto a resultados, gan\u00e9 cuatro Series Mundiales y el Mundial Ironman 70.3. Este a\u00f1o me ha quedado la espina de la carrera celebrada en Zell am See, hab\u00eda estado entrenando muy bien pero la fiebre la semana previa me dej\u00f3 un poco debilitado y tengo la sensaci\u00f3n que no pude dar el 100%.<\/p>\n<p style=\"text-align: justify;\"><strong>P: \u00bfHas entrenado m\u00e1s que nunca?<\/strong><\/p>\n<p style=\"text-align: justify;\"><strong>R:<\/strong><span class=\"Apple-converted-space\">\u00a0<\/span>Eso puedo decir que ha sido as\u00ed, este a\u00f1o he entrenado much\u00edsimo. Ha sido un a\u00f1o m\u00e1s dif\u00edcil de lo que la gente pueda pensar. He tenido algunas fiebres que no me permit\u00edan estar al 100%. Normalmente cuando las cosas no salen como espero suelo entrenar un poco m\u00e1s de lo normal o planificado, lo cual no s\u00e9 si es del todo bueno pero es lo que siento en el momento.<\/p>\n<p style=\"text-align: justify;\"><strong>P: \u00bfDe d\u00f3nde sacas tu fortaleza?<\/strong><\/p>\n<p style=\"text-align: justify;\"><strong>R:<\/strong><span class=\"Apple-converted-space\">\u00a0<\/span>Bien, bien no lo s\u00e9 (sonr\u00ede). Me sale de forma natural, pero creo que es crucial que me encanta lo que hago, puesto que ayuda a que salga la motivaci\u00f3n de forma espont\u00e1nea.<\/p>\n<p style=\"text-align: justify;\"><strong>P: Desde tu primer mundial en 2008 hasta ahora, \u00bfen qu\u00e9 has cambiado?<\/strong><\/p>\n<p style=\"text-align: justify;\"><strong>R:<\/strong><span class=\"Apple-converted-space\">\u00a0<\/span>En varios aspectos. Si tuviera que destacar uno por encima de todos, ser\u00eda, por supuesto, la madurez, que permite afrontar todas las situaciones de forma m\u00e1s tranquila y racional, en lo deportivo y lo personal.<\/p>\n<p style=\"text-align: justify;\"><strong>P: Tu pr\u00f3ximo reto a afrontar son los Juegos Ol\u00edmpicos de R\u00edo, \u00bfte sientes preparado para conseguir el oro?<\/strong><\/p>\n<p style=\"text-align: justify;\"><strong>R:<\/strong><span class=\"Apple-converted-space\">\u00a0<\/span>S\u00ed, soy plenamente consciente que tengo posibilidades para ello. No obstante, al final se trata de una carrera a un d\u00eda y puede pasar cualquier cosa, pero desde luego que ganas, esfuerzo, y trabajo para conseguirlo no van a faltar.<\/p>\n<blockquote>\n<p style=\"text-align: justify;\"><strong>\u201cSin ser un objetivo prioritario para 2016, no renuncio en ning\u00fan caso al sexto mundial\u201d<\/strong><\/p>\n<\/blockquote>\n<p style=\"text-align: justify;\"><strong>P: Paralelamente a esta meta, \u00bfte planteas ir a por el sexto mundial?<\/strong><\/p>\n<p style=\"text-align: justify;\"><strong>R:<\/strong><span class=\"Apple-converted-space\">\u00a0<\/span>El a\u00f1o 2016 va estar totalmente dirigido a los Juegos Ol\u00edmpicos, pero para coger ritmo de competici\u00f3n y preparar bien esta cita tienes que correr algunas Series Mundiales. Por ello, sin ser un objetivo prioritario, no renuncio en ning\u00fan caso al sexto mundial.<\/p>\n<p style=\"text-align: justify;\"><strong>P: A lo largo de su carrera has demostrado que para ti no hay nada imposible\u2026<\/strong><\/p>\n<p style=\"text-align: justify;\"><strong>R:<\/strong><span class=\"Apple-converted-space\">\u00a0<\/span>Jeje, s\u00ed lo hay s\u00ed\u2026De momento, hemos de hacer que el oro ol\u00edmpico sea algo posible de conseguir junto a los cinco mundiales que ya tengo.<\/p>\n<p style=\"text-align: justify;\"><strong>P: \u00bfEst\u00e1 entre tus planes competir en larga distancia?<\/strong><\/p>\n<p style=\"text-align: justify;\"><strong>R:<\/strong><span class=\"Apple-converted-space\">\u00a0<\/span>Es una de las posibilidades que existen, es una decisi\u00f3n que tendr\u00e9 que tomar despu\u00e9s de esta temporada del 2016 una vez pasen los JJOO, pero de momento prefiero no pensar en ello.<\/p>\n<p style=\"text-align: justify;\"><strong>P: \u00bfTe has preguntado alguna vez d\u00f3nde est\u00e1 tu l\u00edmite?<\/strong><\/p>\n<p style=\"text-align: justify;\"><strong>R:<\/strong><span class=\"Apple-converted-space\">\u00a0<\/span>No es una pregunta que te hagas de una forma directa, pero en el deporte profesional, y en una disciplina tan dura como el triatl\u00f3n, de forma inconsciente buscamos nuestro l\u00edmite de forma cotidiana. Muchos d\u00edas acabas realmente fatigado, piensas que has llegado al l\u00edmite en ese momento, pero al d\u00eda siguiente despiertas, te duele todo el cuerpo, ves la planificaci\u00f3n del d\u00eda y es m\u00e1s duro que el anterior, pero no te queda otra que ir a por ello sin contemplaciones.<\/p>\n<p style=\"text-align: justify;\"><a href=\"https:\/\/bulevip.com\/blog\/wp-content\/uploads\/2015\/10\/roka.jpg\" rel=\"nofollow noopener\" target=\"_blank\"><img loading=\"lazy\" decoding=\"async\" class=\"aligncenter  wp-image-3621\" src=\"https:\/\/bulevip.com\/blog\/wp-content\/uploads\/2015\/10\/roka.jpg\" alt=\"roka\" width=\"528\" height=\"352\" \/><\/a><\/p>\n<p><strong>P: Cu\u00e1l es el secreto de tu \u00e9xito profesional?<\/strong><\/p>\n<p style=\"text-align: justify;\"><strong>R:<\/strong><span class=\"Apple-converted-space\">\u00a0<\/span>Es un c\u00famulo de factores. Es innegable que se necesita un talento natural para ser deportista de \u00e9lite pero, por encima de todo el factor que determina el \u00e9xito o el fracaso, est\u00e1 la dedicaci\u00f3n y el trabajo.<\/p>\n<blockquote><p><strong>\u201cSe valora m\u00e1s mi carrera deportiva en Espa\u00f1a que antes. Sin ir m\u00e1s lejos mi primer patrocinador espa\u00f1ol fue Pamesa hace dos\u00a0a\u00f1os\u201d<\/strong><\/p><\/blockquote>\n<p style=\"text-align: justify;\"><strong>P: \u00bfTe sientes m\u00e1s valorado dentro o fuera de Espa\u00f1a?<\/strong><\/p>\n<p style=\"text-align: justify;\"><strong>R:<\/strong><span class=\"Apple-converted-space\">\u00a0<\/span>Es dif\u00edcil de decir, pero en pa\u00edses con m\u00e1s tradici\u00f3n con el triatl\u00f3n se me valora much\u00edsimo, igual por encima de los propios triatletas del pa\u00eds. Dicho esto, en los \u00faltimos a\u00f1os he notado que se valora m\u00e1s mi trabajo y carrera deportiva en Espa\u00f1a que antes. Sin ir m\u00e1s lejos mi primer patrocinador espa\u00f1ol fue hace s\u00f3lo dos a\u00f1os, precisamente Pamesa Cer\u00e1mica.<\/p>\n<p style=\"text-align: justify;\"><strong>P: Como triatleta encarnas valores que compartes con Pamesa. \u00bfLa superaci\u00f3n ha sido tu mejor compa\u00f1ero de viaje?<\/strong><\/p>\n<p style=\"text-align: justify;\"><strong>R:<\/strong><span class=\"Apple-converted-space\">\u00a0<\/span>Es clave para mi sentirme identificado con los patrocinadores que tengo y los valores que trasmiten. Las circunstancias externas en mi carrera me han forzado a tener que superarme ante situaciones adversas que no depend\u00edan directamente de mi. Por lo tanto, la superaci\u00f3n ha sido clave en mi carrera deportiva.<\/p>\n<p style=\"text-align: justify;\"><strong>P: Alud\u00edas a la evoluci\u00f3n de la repercusi\u00f3n del triatl\u00f3n en Espa\u00f1a. \u00bfCrees que el dominio espa\u00f1ol genera mayor entusiasmo por este deporte en nuestro pa\u00eds?<\/strong><\/p>\n<p style=\"text-align: justify;\"><strong>R:<\/strong><span class=\"Apple-converted-space\">\u00a0<\/span>Sin duda tiene que ayudar, desconozco en qu\u00e9 porcentajes pero lo que estamos viviendo es algo hist\u00f3rico. Y, en cierta manera, creo que no se le est\u00e1 dando toda la atenci\u00f3n que se merece en los medios de comunicaci\u00f3n, aunque ese asunto ya no est\u00e1 en nuestras manos.<\/p>\n<p style=\"text-align: justify;\"><strong>P: \u00bfQu\u00e9 hay detr\u00e1s de una gran leyenda del triatl\u00f3n?<\/strong><\/p>\n<p style=\"text-align: justify;\"><strong>R:<\/strong><span class=\"Apple-converted-space\">\u00a0<\/span>En primer lugar, una familia y un equipo de trabajo que me ayuda y apoya para que todo sea lo m\u00e1s f\u00e1cil posible. Valoro enormemente el trabajo que realizan, vivi\u00e9ndolo con la misma pasi\u00f3n que yo. En segundo lugar, por lo que a mi respecta, me considero un chico normal, muy familiar, bastante tranquilo, con sus aficiones a las que no puedo dedicarle todo el tiempo que me gustar\u00eda, como por ejemplo tocar la guitarra.<\/p>\n<p style=\"text-align: justify;\"><strong>P: \u00bfTe imaginas ligado al triatl\u00f3n en un futuro?<\/strong><\/p>\n<p style=\"text-align: justify;\"><strong>R:<\/strong><span class=\"Apple-converted-space\">\u00a0<\/span>Me gustar\u00eda y quiero pensarlo as\u00ed. Si no fuese directamente ligado al triatl\u00f3n, me gustar\u00eda que estuviera relacionado con el deporte.<\/p>\n<h6>Fuente: pamesa.com<\/h6>\n","protected":false},"excerpt":{"rendered":"<p>Javier G\u00f3mez Noya es un nombre para la historia del\u00a0triatl\u00f3n. Ya la ha escrito y la seguir\u00e1 escribiendo. El primero en ganar cinco t\u00edtulos mundiales. Con 32 a\u00f1os, cuenta con medalla de plata ol\u00edmpica pero su af\u00e1n de superaci\u00f3n y tenacidad le empujan hacia un nuevo reto: el oro en los Juegos Ol\u00edmpicos de R\u00edo. [&hellip;]<\/p>\n","protected":false},"author":3,"featured_media":21258,"comment_status":"closed","ping_status":"closed","sticky":false,"template":"","format":"standard","meta":{"footnotes":""},"categories":[2794],"tags":[],"class_list":["post-22581","post","type-post","status-publish","format-standard","has-post-thumbnail","hentry","category-endurance"],"_links":{"self":[{"href":"https:\/\/www.bulevip.com\/blog\/wp-json\/wp\/v2\/posts\/22581"}],"collection":[{"href":"https:\/\/www.bulevip.com\/blog\/wp-json\/wp\/v2\/posts"}],"about":[{"href":"https:\/\/www.bulevip.com\/blog\/wp-json\/wp\/v2\/types\/post"}],"author":[{"embeddable":true,"href":"https:\/\/www.bulevip.com\/blog\/wp-json\/wp\/v2\/users\/3"}],"replies":[{"embeddable":true,"href":"https:\/\/www.bulevip.com\/blog\/wp-json\/wp\/v2\/comments?post=22581"}],"version-history":[{"count":0,"href":"https:\/\/www.bulevip.com\/blog\/wp-json\/wp\/v2\/posts\/22581\/revisions"}],"wp:featuredmedia":[{"embeddable":true,"href":"https:\/\/www.bulevip.com\/blog\/wp-json\/wp\/v2\/media\/21258"}],"wp:attachment":[{"href":"https:\/\/www.bulevip.com\/blog\/wp-json\/wp\/v2\/media?parent=22581"}],"wp:term":[{"taxonomy":"category","embeddable":true,"href":"https:\/\/www.bulevip.com\/blog\/wp-json\/wp\/v2\/categories?post=22581"},{"taxonomy":"post_tag","embeddable":true,"href":"https:\/\/www.bulevip.com\/blog\/wp-json\/wp\/v2\/tags?post=22581"}],"curies":[{"name":"wp","href":"https:\/\/api.w.org\/{rel}","templated":true}]}}