{"id":22543,"date":"2024-04-12T01:22:33","date_gmt":"2024-04-12T01:22:33","guid":{"rendered":"https:\/\/bulevip.com\/blog\/el-equipo-ciclista-sky-cierra-su-plantilla-para-la-proxima-temporada-2\/"},"modified":"2024-04-12T01:22:33","modified_gmt":"2024-04-12T01:22:33","slug":"el-equipo-ciclista-sky-cierra-su-plantilla-para-la-proxima-temporada","status":"publish","type":"post","link":"https:\/\/www.bulevip.com\/blog\/el-equipo-ciclista-sky-cierra-su-plantilla-para-la-proxima-temporada\/","title":{"rendered":"El equipo ciclista Sky cierra su plantilla para la pr\u00f3xima temporada."},"content":{"rendered":"<p style=\"text-align: justify;\">El Sky ha anunciado el que dicen ser\u00e1 el mejor equipo del mundo para 2016. El conjunto brit\u00e1nico ha fichado a Michal Kwiatkowski, Mikel Landa y Be\u00f1at Intxausti.<\/p>\n<p style=\"text-align: justify;\">Dave Brailsford, director del equipo, comenta que tienen la ambici\u00f3n de ser el mejor equipo del mundo y para ello ya han dado los primeros pasos. Froome (doble ganador del Tour de Francia) seguir\u00e1 siendo, sin lugar a dudas, el jefe de filas pero con grandes corredores que lo apoyar\u00e1n en todo momento, entre ellos: Geraint Tomas, Mikel Kwiatkowsi, Be\u00f1at Intxausti, Poels, Nicola Roche, Vasil Kiryienka, Leopold Konig, Ian Stannard&#8230;<\/p>\n<p style=\"text-align: justify;\">El Sky contar\u00e1 con 5 espa\u00f1oles en sus filas: los renovados, David L\u00f3pez, Xabi Zandio y Mikel Nieve y los fichados en la \u00faltima semana, los ya nombrados, Mikel Landa y Be\u00f1at Intxausti.<\/p>\n<p style=\"text-align: justify;\">Por otra parte, las bajas para la pr\u00f3xima temporada ser\u00e1n Bernhard Eisel, que se marcha con Cavendish al MTN, Danny Pate, Siutsou, Sutton, Earle y Richie Porte.<\/p>\n<p style=\"text-align: justify;\"><a href=\"https:\/\/bulevip.com\/blog\/wp-content\/uploads\/2015\/09\/sky.jpg\" rel=\"nofollow noopener\" target=\"_blank\"><img loading=\"lazy\" decoding=\"async\" class=\"aligncenter  wp-image-3325\" src=\"https:\/\/bulevip.com\/blog\/wp-content\/uploads\/2015\/09\/sky.jpg\" alt=\"sky\" width=\"534\" height=\"356\" \/><\/a><\/p>\n<p style=\"text-align: justify;\">Con este equipo est\u00e1n m\u00e1s que capacitados para conseguir grandes logros, pero \u00bfser\u00e1n capaces de ganar las 3 grandes vueltas: Giro, Tour y Vuelta a Espa\u00f1a? \u00bfQu\u00e9 opin\u00e1is?<\/p>\n","protected":false},"excerpt":{"rendered":"<p>El Sky ha anunciado el que dicen ser\u00e1 el mejor equipo del mundo para 2016. El conjunto brit\u00e1nico ha fichado a Michal Kwiatkowski, Mikel Landa y Be\u00f1at Intxausti. Dave Brailsford, director del equipo, comenta que tienen la ambici\u00f3n de ser el mejor equipo del mundo y para ello ya han dado los primeros pasos. Froome [&hellip;]<\/p>\n","protected":false},"author":3,"featured_media":21225,"comment_status":"closed","ping_status":"closed","sticky":false,"template":"","format":"standard","meta":{"footnotes":""},"categories":[2794],"tags":[],"class_list":["post-22543","post","type-post","status-publish","format-standard","has-post-thumbnail","hentry","category-endurance"],"_links":{"self":[{"href":"https:\/\/www.bulevip.com\/blog\/wp-json\/wp\/v2\/posts\/22543"}],"collection":[{"href":"https:\/\/www.bulevip.com\/blog\/wp-json\/wp\/v2\/posts"}],"about":[{"href":"https:\/\/www.bulevip.com\/blog\/wp-json\/wp\/v2\/types\/post"}],"author":[{"embeddable":true,"href":"https:\/\/www.bulevip.com\/blog\/wp-json\/wp\/v2\/users\/3"}],"replies":[{"embeddable":true,"href":"https:\/\/www.bulevip.com\/blog\/wp-json\/wp\/v2\/comments?post=22543"}],"version-history":[{"count":0,"href":"https:\/\/www.bulevip.com\/blog\/wp-json\/wp\/v2\/posts\/22543\/revisions"}],"wp:featuredmedia":[{"embeddable":true,"href":"https:\/\/www.bulevip.com\/blog\/wp-json\/wp\/v2\/media\/21225"}],"wp:attachment":[{"href":"https:\/\/www.bulevip.com\/blog\/wp-json\/wp\/v2\/media?parent=22543"}],"wp:term":[{"taxonomy":"category","embeddable":true,"href":"https:\/\/www.bulevip.com\/blog\/wp-json\/wp\/v2\/categories?post=22543"},{"taxonomy":"post_tag","embeddable":true,"href":"https:\/\/www.bulevip.com\/blog\/wp-json\/wp\/v2\/tags?post=22543"}],"curies":[{"name":"wp","href":"https:\/\/api.w.org\/{rel}","templated":true}]}}