{"id":22524,"date":"2024-04-07T22:45:24","date_gmt":"2024-04-07T22:45:24","guid":{"rendered":"https:\/\/bulevip.com\/blog\/arnold-classic-europe-llega-a-madrid-25-27-sept-2\/"},"modified":"2024-04-07T22:45:24","modified_gmt":"2024-04-07T22:45:24","slug":"arnold-classic-europe-llega-a-madrid57-sept","status":"publish","type":"post","link":"https:\/\/www.bulevip.com\/blog\/arnold-classic-europe-llega-a-madrid57-sept\/","title":{"rendered":"Arnold Classic Europe llega a Madrid. 25-27 sept."},"content":{"rendered":"<p style=\"text-align: justify;\">Arnold Schwarzenegger llega a Madrid para hacer acto de presencia en uno de los eventos m\u00e1s importantes del mundo del fitness y culturismo, el<strong> Arnold Classic Europe.<\/strong><\/p>\n<p><a href=\"https:\/\/bulevip.com\/blog\/wp-content\/uploads\/2015\/09\/flyer-arnold.jpg\" rel=\"nofollow noopener\" target=\"_blank\"><img loading=\"lazy\" decoding=\"async\" class=\" size-full wp-image-3170 aligncenter\" src=\"https:\/\/bulevip.com\/blog\/wp-content\/uploads\/2015\/09\/flyer-arnold.jpg\" alt=\"flyer arnold\" width=\"2362\" height=\"3189\" \/><\/a><\/p>\n<p style=\"text-align: justify;\">Los pr\u00f3ximos d\u00edas <strong>25-26 y 27 de septiembre<\/strong> tienes una cita en el Pabell\u00f3n de Cristal, Madrid-Arena. Los horarios ser\u00e1n:<\/p>\n<p style=\"text-align: justify;\">&#8211; Horarios de Expo, Pabell\u00f3n de Cristal: Viernes y s\u00e1bado de 10 a 20 horas y domingo de 10 a 18h.<br \/>\n&#8211; Horarios Pabell\u00f3n de Sat\u00e9lite: Viernes y s\u00e1bado de 10 a 20 horas y domingo de 10 a 18h.<br \/>\n&#8211; Horarios de Pro show, Madrid Arena, S\u00e1bado 26 de septiembre:<br \/>\nSemifinales, 17h.<br \/>\nFinales, 19h.<br \/>\n&#8211; Horarios de Arnold Meeting with the fans, Teatro Auditorio Casa de Campo, Domingo 27 de septiembre:<br \/>\nCharla con el ganador del Pro Show: 10:00 horas.<br \/>\nCharla con Arnold Schwarzenegger: 10:50 horas.<\/p>\n<p style=\"text-align: justify;\">Adem\u00e1s de estas actividades, podr\u00e9is disfrutar de m\u00faltiples actividades deportivas, exhibiciones, clases abiertas y campeonatos de Bodybuilding, Pole Dance, Crossfit, Parkour, Aikido, Capoeira&#8230;\u00a0 en el siguiente enlace pod\u00e9is consultar el programa con sus correspondientes horarios: <a href=\"http:\/\/www.arnoldclassiceurope.es\/2015\/programa\/\" rel=\"nofollow noopener\" target=\"_blank\">http:\/\/www.arnoldclassiceurope.es\/2015\/programa\/<\/a><\/p>\n<p style=\"text-align: justify;\">No te pierdas un evento de este calibre, seguro que no te deja indiferente.<\/p>\n","protected":false},"excerpt":{"rendered":"<p>Arnold Schwarzenegger llega a Madrid para hacer acto de presencia en uno de los eventos m\u00e1s importantes del mundo del fitness y culturismo, el Arnold Classic Europe. Los pr\u00f3ximos d\u00edas 25-26 y 27 de septiembre tienes una cita en el Pabell\u00f3n de Cristal, Madrid-Arena. Los horarios ser\u00e1n: &#8211; Horarios de Expo, Pabell\u00f3n de Cristal: Viernes [&hellip;]<\/p>\n","protected":false},"author":3,"featured_media":21210,"comment_status":"closed","ping_status":"closed","sticky":false,"template":"","format":"standard","meta":{"footnotes":""},"categories":[2794],"tags":[],"class_list":["post-22524","post","type-post","status-publish","format-standard","has-post-thumbnail","hentry","category-endurance"],"_links":{"self":[{"href":"https:\/\/www.bulevip.com\/blog\/wp-json\/wp\/v2\/posts\/22524"}],"collection":[{"href":"https:\/\/www.bulevip.com\/blog\/wp-json\/wp\/v2\/posts"}],"about":[{"href":"https:\/\/www.bulevip.com\/blog\/wp-json\/wp\/v2\/types\/post"}],"author":[{"embeddable":true,"href":"https:\/\/www.bulevip.com\/blog\/wp-json\/wp\/v2\/users\/3"}],"replies":[{"embeddable":true,"href":"https:\/\/www.bulevip.com\/blog\/wp-json\/wp\/v2\/comments?post=22524"}],"version-history":[{"count":0,"href":"https:\/\/www.bulevip.com\/blog\/wp-json\/wp\/v2\/posts\/22524\/revisions"}],"wp:featuredmedia":[{"embeddable":true,"href":"https:\/\/www.bulevip.com\/blog\/wp-json\/wp\/v2\/media\/21210"}],"wp:attachment":[{"href":"https:\/\/www.bulevip.com\/blog\/wp-json\/wp\/v2\/media?parent=22524"}],"wp:term":[{"taxonomy":"category","embeddable":true,"href":"https:\/\/www.bulevip.com\/blog\/wp-json\/wp\/v2\/categories?post=22524"},{"taxonomy":"post_tag","embeddable":true,"href":"https:\/\/www.bulevip.com\/blog\/wp-json\/wp\/v2\/tags?post=22524"}],"curies":[{"name":"wp","href":"https:\/\/api.w.org\/{rel}","templated":true}]}}