{"id":22506,"date":"2024-04-04T04:50:52","date_gmt":"2024-04-04T04:50:52","guid":{"rendered":"https:\/\/bulevip.com\/blog\/peter-sagan-abandona-la-vuelta-2\/"},"modified":"2024-04-04T04:50:52","modified_gmt":"2024-04-04T04:50:52","slug":"peter-sagan-abandona-la-vuelta","status":"publish","type":"post","link":"https:\/\/www.bulevip.com\/blog\/peter-sagan-abandona-la-vuelta\/","title":{"rendered":"Peter Sagan abandona la Vuelta."},"content":{"rendered":"<p style=\"text-align: justify;\">Peter Sagan, el ciclista del equipo Tinkoff-Saxo que ostentaba el maillot verde, abandona la Vuelta tras su ca\u00edda el pasado d\u00eda 29. El eslovaco fue derribado por una moto a unos 10km de meta y sufri\u00f3 quemaduras en la parte externa de la pierna izquierda, desde la cadera hasta el pie. A esto hay que sumar un hematoma por contusi\u00f3n en el antebrazo izquierdo.<\/p>\n<p><a href=\"https:\/\/bulevip.com\/blog\/wp-content\/uploads\/2015\/09\/sagan.jpg\" rel=\"nofollow noopener\" target=\"_blank\"><img loading=\"lazy\" decoding=\"async\" class=\"aligncenter  wp-image-3044\" src=\"https:\/\/bulevip.com\/blog\/wp-content\/uploads\/2015\/09\/sagan.jpg\" alt=\"sagan\" width=\"459\" height=\"258\" \/><\/a><\/p>\n<p style=\"text-align: justify;\">Los comisarios de la Vuelta expulsaron al piloto de la moto y multaron con 278\u20ac al ciclista por \u00abinjurias y amenazas\u00bb.<\/p>\n<p style=\"text-align: justify;\">El Tinkoff-Saxo anuncia que \u00abpor desgracia, el col\u00edder del equipo en la Vuelta a Espa\u00f1a no puede continuar la carrera de manera segura y volver\u00e1 a casa para recuperarse de las heridas que sufri\u00f3 tras ser atropellado por una moto al final de la 8\u00aa etapa\u00bb<\/p>\n<p style=\"text-align: justify;\">En el siguiente v\u00eddeo se puede ver la ca\u00edda, as\u00ed como el monumental cabreo de Sagan.<\/p>\n<p>&nbsp;<\/p>\n<div style=\"text-align: center;\"><iframe loading=\"lazy\" src=\"https:\/\/www.youtube.com\/embed\/dPPzrbYvBpI\" width=\"560\" height=\"315\" frameborder=\"0\" allowfullscreen=\"allowfullscreen\"><\/iframe><\/p>\n<div style=\"text-align: center;\"><\/div>\n<\/div>\n","protected":false},"excerpt":{"rendered":"<p>Peter Sagan, el ciclista del equipo Tinkoff-Saxo que ostentaba el maillot verde, abandona la Vuelta tras su ca\u00edda el pasado d\u00eda 29. El eslovaco fue derribado por una moto a unos 10km de meta y sufri\u00f3 quemaduras en la parte externa de la pierna izquierda, desde la cadera hasta el pie. A esto hay que [&hellip;]<\/p>\n","protected":false},"author":3,"featured_media":17085,"comment_status":"closed","ping_status":"closed","sticky":false,"template":"","format":"standard","meta":{"footnotes":""},"categories":[2794],"tags":[],"class_list":["post-22506","post","type-post","status-publish","format-standard","has-post-thumbnail","hentry","category-endurance"],"_links":{"self":[{"href":"https:\/\/www.bulevip.com\/blog\/wp-json\/wp\/v2\/posts\/22506"}],"collection":[{"href":"https:\/\/www.bulevip.com\/blog\/wp-json\/wp\/v2\/posts"}],"about":[{"href":"https:\/\/www.bulevip.com\/blog\/wp-json\/wp\/v2\/types\/post"}],"author":[{"embeddable":true,"href":"https:\/\/www.bulevip.com\/blog\/wp-json\/wp\/v2\/users\/3"}],"replies":[{"embeddable":true,"href":"https:\/\/www.bulevip.com\/blog\/wp-json\/wp\/v2\/comments?post=22506"}],"version-history":[{"count":0,"href":"https:\/\/www.bulevip.com\/blog\/wp-json\/wp\/v2\/posts\/22506\/revisions"}],"wp:featuredmedia":[{"embeddable":true,"href":"https:\/\/www.bulevip.com\/blog\/wp-json\/wp\/v2\/media\/17085"}],"wp:attachment":[{"href":"https:\/\/www.bulevip.com\/blog\/wp-json\/wp\/v2\/media?parent=22506"}],"wp:term":[{"taxonomy":"category","embeddable":true,"href":"https:\/\/www.bulevip.com\/blog\/wp-json\/wp\/v2\/categories?post=22506"},{"taxonomy":"post_tag","embeddable":true,"href":"https:\/\/www.bulevip.com\/blog\/wp-json\/wp\/v2\/tags?post=22506"}],"curies":[{"name":"wp","href":"https:\/\/api.w.org\/{rel}","templated":true}]}}