{"id":22496,"date":"2024-04-02T14:01:22","date_gmt":"2024-04-02T14:01:22","guid":{"rendered":"https:\/\/bulevip.com\/blog\/nibali-es-expulsado-de-la-vuelta-ciclista-2\/"},"modified":"2024-04-02T14:01:22","modified_gmt":"2024-04-02T14:01:22","slug":"nibali-es-expulsado-de-la-vuelta-ciclista","status":"publish","type":"post","link":"https:\/\/www.bulevip.com\/blog\/nibali-es-expulsado-de-la-vuelta-ciclista\/","title":{"rendered":"Nibali es expulsado de la Vuelta Ciclista."},"content":{"rendered":"<p style=\"text-align: justify;\">Vicenzo Nibali (Astana) fue expulsado en el d\u00eda de ayer de la Vuelta Ciclista a Espa\u00f1a. El italiano se vio envuelto en una ca\u00edda a 30km de meta y pretend\u00eda tomar contacto de nuevo con cabeza de carrera cuando acumulaba un retraso de 1&#8217;30\u00bb.<\/p>\n<p style=\"text-align: justify;\">En el siguiente v\u00eddeo podemos ver como en pocos segundo aventaja descomunalmente al grupo del cual tiraba.<\/p>\n<div style=\"text-align: center;\"><iframe loading=\"lazy\" src=\"https:\/\/www.youtube.com\/embed\/hSQW8OX8VqA\" width=\"560\" height=\"315\" frameborder=\"0\" allowfullscreen=\"allowfullscreen\"><\/iframe><\/div>\n<div style=\"text-align: center;\"><\/div>\n<p style=\"text-align: justify;\">Los comisarios de la Vuelta han podido comprobar como el vencedor de la Vuelta en 2010 se agarra al coche del equipo y avanza a pasos agigantados. Esta actuaci\u00f3n le hace contactar con el grupo de cabeza donde se encuentran sus rivales m\u00e1s directos.<\/p>\n<p style=\"text-align: justify;\">El director del equipo al enterarse de la decisi\u00f3n de los jueces pidi\u00f3 clemencia y prefer\u00eda 10min de penalizaci\u00f3n a la expulsi\u00f3n directa.<\/p>\n<figure id=\"attachment_2909\" aria-describedby=\"caption-attachment-2909\" style=\"width: 429px\" class=\"wp-caption aligncenter\"><a href=\"https:\/\/bulevip.com\/blog\/wp-content\/uploads\/2015\/08\/article-Vincenzo-Nibali-expulsado-Vuelta-Espana-2015-55da1b1ccd1f9.jpg\" rel=\"nofollow noopener\" target=\"_blank\"><img loading=\"lazy\" decoding=\"async\" class=\"wp-image-2909\" src=\"https:\/\/bulevip.com\/blog\/wp-content\/uploads\/2015\/08\/article-Vincenzo-Nibali-expulsado-Vuelta-Espana-2015-55da1b1ccd1f9.jpg\" alt=\"article-Vincenzo-Nibali-expulsado-Vuelta-Espana-2015-55da1b1ccd1f9\" width=\"429\" height=\"249\" \/><\/a><figcaption id=\"caption-attachment-2909\" class=\"wp-caption-text\">Vincenzo Nibali<\/figcaption><\/figure>\n<p style=\"text-align: justify;\">Nibali se qued\u00e1 as\u00ed fuera de la Vuelta, este corredor es una referencia dentro del ciclismo habiendo ganado el Tour, Giro y Vuelta, aunque su actuaci\u00f3n no fue la acertada en esta segunta etapa.<\/p>\n<p style=\"text-align: justify;\">El director de la Vuelta a Espa\u00f1a, Javier Guill\u00e9n, ha asegurado que esta acci\u00f3n de Nibali \u00abes mala\u00bb para la imagen del ciclismo en general y la Vuelta en particular.<\/p>\n<p style=\"text-align: justify;\">Adem\u00e1s de la expulsi\u00f3n del corredor, el director del equipo Astana, Alexander Sheffer, tambi\u00e9n ha sido expulsado ya que permiti\u00f3 la maniobra antirreglamentaria del ciclista. El equipo solo podr\u00e1 disponer de un coche de carrera durante la tercera y cuarta etapa, en la quinta ya volver\u00e1 a disponer de los dos habituales.<\/p>\n<div style=\"text-align: center;\"><\/div>\n<p>&nbsp;<\/p>\n<div style=\"text-align: center;\"><\/div>\n","protected":false},"excerpt":{"rendered":"<p>Vicenzo Nibali (Astana) fue expulsado en el d\u00eda de ayer de la Vuelta Ciclista a Espa\u00f1a. El italiano se vio envuelto en una ca\u00edda a 30km de meta y pretend\u00eda tomar contacto de nuevo con cabeza de carrera cuando acumulaba un retraso de 1&#8217;30\u00bb. En el siguiente v\u00eddeo podemos ver como en pocos segundo aventaja [&hellip;]<\/p>\n","protected":false},"author":3,"featured_media":17074,"comment_status":"closed","ping_status":"closed","sticky":false,"template":"","format":"standard","meta":{"footnotes":""},"categories":[2794],"tags":[],"class_list":["post-22496","post","type-post","status-publish","format-standard","has-post-thumbnail","hentry","category-endurance"],"_links":{"self":[{"href":"https:\/\/www.bulevip.com\/blog\/wp-json\/wp\/v2\/posts\/22496"}],"collection":[{"href":"https:\/\/www.bulevip.com\/blog\/wp-json\/wp\/v2\/posts"}],"about":[{"href":"https:\/\/www.bulevip.com\/blog\/wp-json\/wp\/v2\/types\/post"}],"author":[{"embeddable":true,"href":"https:\/\/www.bulevip.com\/blog\/wp-json\/wp\/v2\/users\/3"}],"replies":[{"embeddable":true,"href":"https:\/\/www.bulevip.com\/blog\/wp-json\/wp\/v2\/comments?post=22496"}],"version-history":[{"count":0,"href":"https:\/\/www.bulevip.com\/blog\/wp-json\/wp\/v2\/posts\/22496\/revisions"}],"wp:featuredmedia":[{"embeddable":true,"href":"https:\/\/www.bulevip.com\/blog\/wp-json\/wp\/v2\/media\/17074"}],"wp:attachment":[{"href":"https:\/\/www.bulevip.com\/blog\/wp-json\/wp\/v2\/media?parent=22496"}],"wp:term":[{"taxonomy":"category","embeddable":true,"href":"https:\/\/www.bulevip.com\/blog\/wp-json\/wp\/v2\/categories?post=22496"},{"taxonomy":"post_tag","embeddable":true,"href":"https:\/\/www.bulevip.com\/blog\/wp-json\/wp\/v2\/tags?post=22496"}],"curies":[{"name":"wp","href":"https:\/\/api.w.org\/{rel}","templated":true}]}}