{"id":22274,"date":"2024-02-15T02:12:27","date_gmt":"2024-02-15T02:12:27","guid":{"rendered":"https:\/\/bulevip.com\/blog\/campeonato-del-mundo-de-duatlon-elite-junior-y-paralimpico-pontevedra-2\/"},"modified":"2024-02-15T02:12:27","modified_gmt":"2024-02-15T02:12:27","slug":"campeonato-del-mundo-de-duatlon-elite-junior-y-paralimpico-pontevedra","status":"publish","type":"post","link":"https:\/\/www.bulevip.com\/blog\/campeonato-del-mundo-de-duatlon-elite-junior-y-paralimpico-pontevedra\/","title":{"rendered":"Campeonato del Mundo de Duatl\u00f3n \u00c9lite, J\u00fanior y Paral\u00edmpico &#8211; Pontevedra"},"content":{"rendered":"<p>Comenzamos con una nueva categor\u00eda, llamada \u00abEventos\u00bb, donde vamos a publicar entradas con las pruebas m\u00e1s importantes que se desarrollan en el \u00e1mbito nacional. Empezamos con el <a href=\"https:\/\/bulevip.com\/blog\/wp-content\/uploads\/2014\/05\/pontevedra.png\" rel=\"nofollow noopener\" target=\"_blank\"><img loading=\"lazy\" decoding=\"async\" class=\"size-full wp-image-1373 alignright\" alt=\"pontevedra\" src=\"https:\/\/bulevip.com\/blog\/wp-content\/uploads\/2014\/05\/pontevedra.png\" width=\"266\" height=\"159\" \/><\/a>Campeonato del Mundo de Duatl\u00f3n \u00c9lite, J\u00fanior y Paral\u00edmpico que se desarrollar\u00e1 el pr\u00f3ximo 31 de mayo en Pontevedra.<\/p>\n<p>Los deportistas se colocar\u00e1n en l\u00ednea de salida a las 9:00 para llevar a cabo la prueba. \u00c9sta consta de un circuito exigente, donde los triatletas luchar\u00e1n por ser los mejores del mundo.<\/p>\n<p>Las categor\u00edas que toman parte en la prueba son: J\u00fanio, \u00e9lite y paral\u00edmpicos.<\/p>\n<p>Os animamos desde<a href=\"https:\/\/www.bulevip.com\/\">\u00a0https:\/\/www.bulevip.com\/<\/a>\u00a0a que os acerqu\u00e9is a disfrutar del deporte en una regi\u00f3n tan bonita, recordad d\u00eda 31 de mayo a las 9:00 de la ma\u00f1ana.<\/p>\n<p>Un saludo<\/p>\n","protected":false},"excerpt":{"rendered":"<p>Comenzamos con una nueva categor\u00eda, llamada \u00abEventos\u00bb, donde vamos a publicar entradas con las pruebas m\u00e1s importantes que se desarrollan en el \u00e1mbito nacional. Empezamos con el Campeonato del Mundo de Duatl\u00f3n \u00c9lite, J\u00fanior y Paral\u00edmpico que se desarrollar\u00e1 el pr\u00f3ximo 31 de mayo en Pontevedra. Los deportistas se colocar\u00e1n en l\u00ednea de salida a [&hellip;]<\/p>\n","protected":false},"author":3,"featured_media":16758,"comment_status":"closed","ping_status":"closed","sticky":false,"template":"","format":"standard","meta":{"footnotes":""},"categories":[2794],"tags":[],"class_list":["post-22274","post","type-post","status-publish","format-standard","has-post-thumbnail","hentry","category-endurance"],"_links":{"self":[{"href":"https:\/\/www.bulevip.com\/blog\/wp-json\/wp\/v2\/posts\/22274"}],"collection":[{"href":"https:\/\/www.bulevip.com\/blog\/wp-json\/wp\/v2\/posts"}],"about":[{"href":"https:\/\/www.bulevip.com\/blog\/wp-json\/wp\/v2\/types\/post"}],"author":[{"embeddable":true,"href":"https:\/\/www.bulevip.com\/blog\/wp-json\/wp\/v2\/users\/3"}],"replies":[{"embeddable":true,"href":"https:\/\/www.bulevip.com\/blog\/wp-json\/wp\/v2\/comments?post=22274"}],"version-history":[{"count":0,"href":"https:\/\/www.bulevip.com\/blog\/wp-json\/wp\/v2\/posts\/22274\/revisions"}],"wp:featuredmedia":[{"embeddable":true,"href":"https:\/\/www.bulevip.com\/blog\/wp-json\/wp\/v2\/media\/16758"}],"wp:attachment":[{"href":"https:\/\/www.bulevip.com\/blog\/wp-json\/wp\/v2\/media?parent=22274"}],"wp:term":[{"taxonomy":"category","embeddable":true,"href":"https:\/\/www.bulevip.com\/blog\/wp-json\/wp\/v2\/categories?post=22274"},{"taxonomy":"post_tag","embeddable":true,"href":"https:\/\/www.bulevip.com\/blog\/wp-json\/wp\/v2\/tags?post=22274"}],"curies":[{"name":"wp","href":"https:\/\/api.w.org\/{rel}","templated":true}]}}